{"id":973,"date":"2019-09-05T22:30:57","date_gmt":"2019-09-05T22:30:57","guid":{"rendered":"https:\/\/www.wilde-farben.de\/?p=973"},"modified":"2020-03-06T19:57:39","modified_gmt":"2020-03-06T19:57:39","slug":"faerben-mit-avocadoschalen","status":"publish","type":"post","link":"https:\/\/www.wilde-farben.de\/?p=973","title":{"rendered":"F\u00e4rben mit Avocadoschalen"},"content":{"rendered":"<p><a href=\"https:\/\/www.wilde-farben.de\/?p=764\" target=\"_blank\" rel=\"noopener noreferrer\">Wie bereits berichtet<\/a> habe ich sowohl die Schalen, als auch die Kerne der Avocado zum F\u00e4rben von Wolle verwendet. Das eindeutig bessere Ergebnis lieferten die Kerne. Die mit Schalen gef\u00e4rbte Wolle verlor nach dem Auswaschen viel Farbe, so dass nur noch ein zartes Lachsrot zur\u00fcckblieb.<br \/>\nDiese sehr zart gef\u00e4rbte Wolle habe ich nochmals mit Avocadokernen \u00fcberf\u00e4rbt. Daf\u00fcr habe ich die Wolle zu festen Kn\u00e4ueln gewickelt. Diese werden in den vorbereiteten F\u00e4rbesud gelegt, was ein wenig an Kn\u00f6del kochen erinnert. Der intensivere Farbsud aus Avocadokernen kann nicht bis ins Innere des Kn\u00e4uels dringen, Daher wird die Farbe von au\u00dfen nach innen immer heller. Nach dem Auswaschen und trocknen wird die Wolle umgewickelt. Die fertige Wolle hat mit dieser F\u00e4rbe- und Wickeltechnik einen wunderbaren Farbverlauf.<\/p>\n<div id=\"attachment_570\" style=\"width: 227px\" class=\"wp-caption alignnone\"><a href=\"https:\/\/www.wilde-farben.de\/wp-content\/uploads\/2019\/09\/avocadoschalenfaerbung0.jpg\"><img loading=\"lazy\" decoding=\"async\" aria-describedby=\"caption-attachment-570\" class=\"size-medium wp-image-469\" title=\"Avocadoschalen-F\u00e4rbung\" src=\"https:\/\/www.wilde-farben.de\/wp-content\/uploads\/2019\/09\/avocadoschalenfaerbung0-300x217.jpg\" alt=\"\" width=\"217\" height=\"300\" \/><\/a><p id=\"caption-attachment-570\" class=\"wp-caption-text\">Avocadoschalen-F\u00e4rbung<\/p><\/div>\n<div id=\"rezept\">\n<div class=\"mceItemVisualAid mceItemLayer\" style=\"width: 100%; position: relative; top: -20px; left: -20px;\"><img decoding=\"async\" src=\"https:\/\/www.wilde-farben.de\/wp-content\/uploads\/2013\/01\/ol.png\" alt=\"\" height=\"16px\" align=\"left\" \/><\/div>\n<div class=\"mceItemVisualAid mceItemLayer\" style=\"width: 100%; position: relative; top: -20px; right: -20px;\"><img decoding=\"async\" src=\"https:\/\/www.wilde-farben.de\/wp-content\/uploads\/2013\/01\/or.png\" alt=\"\" height=\"16px\" align=\"right\" \/><\/div>\n<div class=\"mceItemVisualAid mceItemLayer\" style=\"width: 100%; position: relative; top: 0px; left: 0px; clear: both;\"><strong>Rezept f\u00fcr eine zarte, lachsrote F\u00e4rbung mit Avocadoschalen f\u00fcr 100 g Textilmaterial<\/strong><\/div>\n<ul>\n<li>Schalen von 4 bis 6 Avocados vom Fruchtfleisch reinigen und grob zerkleinern.<\/li>\n<li>in 3 Liter Wasser aufkochen lassen und f\u00fcr gut eine Stunde k\u00f6cheln lassen<\/li>\n<li>abk\u00fchlen lassen<\/li>\n<li>abseihen und Schalen entsorgen<\/li>\n<li>vorgebeiztes F\u00e4rbegut in den Farbsud einlegen<\/li>\n<li>eventuell Wasser zugeben, damit das F\u00e4rbegut bedeckt ist<\/li>\n<li>auf ungef\u00e4hr 70 Grad erw\u00e4rmen<\/li>\n<li>vom Herd nehmen<\/li>\n<li>unter gelegentlichem Umr\u00fchren f\u00fcr einen Tag ziehen lassen<\/li>\n<li>dann waschen und sp\u00fclen.<\/li>\n<\/ul>\n<div class=\"mceItemVisualAid mceItemLayer\" style=\"width: 100%; position: relative; bottom: 5px; left: -20px;\"><img decoding=\"async\" src=\"https:\/\/www.wilde-farben.de\/wp-content\/uploads\/2013\/01\/ul.png\" alt=\"\" height=\"16px\" align=\"left\" \/><\/div>\n<div class=\"mceItemVisualAid mceItemLayer\" style=\"width: 100%; position: relative; bottom: 5px; right: -20px;\"><img decoding=\"async\" src=\"https:\/\/www.wilde-farben.de\/wp-content\/uploads\/2013\/01\/ur.png\" alt=\"\" height=\"16px\" align=\"right\" \/><\/div>\n<\/div>\n<div id=\"attachment_569\" style=\"width: 227px\" class=\"wp-caption alignnone\"><a href=\"https:\/\/www.wilde-farben.de\/wp-content\/uploads\/2019\/09\/avocadoschalenfaerbung1.jpg\"><img loading=\"lazy\" decoding=\"async\" aria-describedby=\"caption-attachment-569\" class=\"size-medium wp-image-469\" title=\"Avocadoschalen-F\u00e4rbung\" src=\"https:\/\/www.wilde-farben.de\/wp-content\/uploads\/2019\/09\/avocadoschalenfaerbung1-300x217.jpg\" alt=\"\" width=\"217\" height=\"300\" \/><\/a><p id=\"caption-attachment-569\" class=\"wp-caption-text\">Avocadoschalen-F\u00e4rbung<\/p><\/div>\n","protected":false},"excerpt":{"rendered":"<p>Wie bereits berichtet habe ich sowohl die Schalen, als auch die Kerne der Avocado zum F\u00e4rben von Wolle verwendet. Das eindeutig bessere Ergebnis lieferten die Kerne. Die mit Schalen gef\u00e4rbte Wolle verlor nach dem Auswaschen viel Farbe, so dass nur &hellip; <a href=\"https:\/\/www.wilde-farben.de\/?p=973\">Weiterlesen <span class=\"meta-nav\">&rarr;<\/span><\/a><\/p>\n","protected":false},"author":2,"featured_media":0,"comment_status":"closed","ping_status":"closed","sticky":false,"template":"","format":"standard","meta":{"footnotes":""},"categories":[37,32,45,7,30],"tags":[],"class_list":["post-973","post","type-post","status-publish","format-standard","hentry","category-beerenfarbung","category-brauntone","category-farbematerial","category-farberezepte","category-rottone"],"_links":{"self":[{"href":"https:\/\/www.wilde-farben.de\/index.php?rest_route=\/wp\/v2\/posts\/973","targetHints":{"allow":["GET"]}}],"collection":[{"href":"https:\/\/www.wilde-farben.de\/index.php?rest_route=\/wp\/v2\/posts"}],"about":[{"href":"https:\/\/www.wilde-farben.de\/index.php?rest_route=\/wp\/v2\/types\/post"}],"author":[{"embeddable":true,"href":"https:\/\/www.wilde-farben.de\/index.php?rest_route=\/wp\/v2\/users\/2"}],"replies":[{"embeddable":true,"href":"https:\/\/www.wilde-farben.de\/index.php?rest_route=%2Fwp%2Fv2%2Fcomments&post=973"}],"version-history":[{"count":7,"href":"https:\/\/www.wilde-farben.de\/index.php?rest_route=\/wp\/v2\/posts\/973\/revisions"}],"predecessor-version":[{"id":1133,"href":"https:\/\/www.wilde-farben.de\/index.php?rest_route=\/wp\/v2\/posts\/973\/revisions\/1133"}],"wp:attachment":[{"href":"https:\/\/www.wilde-farben.de\/index.php?rest_route=%2Fwp%2Fv2%2Fmedia&parent=973"}],"wp:term":[{"taxonomy":"category","embeddable":true,"href":"https:\/\/www.wilde-farben.de\/index.php?rest_route=%2Fwp%2Fv2%2Fcategories&post=973"},{"taxonomy":"post_tag","embeddable":true,"href":"https:\/\/www.wilde-farben.de\/index.php?rest_route=%2Fwp%2Fv2%2Ftags&post=973"}],"curies":[{"name":"wp","href":"https:\/\/api.w.org\/{rel}","templated":true}]}}