{"id":94,"date":"2012-02-02T20:42:40","date_gmt":"2012-02-02T20:42:40","guid":{"rendered":"https:\/\/www.wilde-farben.de\/?p=94"},"modified":"2018-05-06T07:03:59","modified_gmt":"2018-05-06T07:03:59","slug":"farben-mit-misteln","status":"publish","type":"post","link":"https:\/\/www.wilde-farben.de\/?p=94","title":{"rendered":"F\u00e4rben mit Misteln"},"content":{"rendered":"<p>Heute an Imbolg &#8211; und es ist bitterkalt, das Thermometer hat heute Nacht Minus 21 Grad angezeigt! Jetzt ist ein guter Zeitpunkt die Misteln, die als Weihnachtsdekoration dienten in den F\u00e4rbetopf zu werfen. Die immer noch gr\u00fcnen Zweige sind trocken und die Bl\u00e4tter fallen schon ab, doch bevor die Misteln auf dem Kompost landen, entlocke ich ihnen ihre Farbstoffe. Das Ergebnis war ein sch\u00f6nes messinggelb, das leicht ins gr\u00fcne geht. Der sch\u00f6ne Schimmer der Seide l\u00e4sst die Mistelf\u00e4rbung fast golden erscheinen. Einen Teil der Wolle und ein Seidentuch habe ich mit Eisenessig weiterentwickelt. Dies ergab ein sanftes olivgr\u00fcn, das sich wunderbar mit dem messinggelb erg\u00e4nzt.<\/p>\n<div id=\"attachment_452\" style=\"width: 310px\" class=\"wp-caption alignnone\"><a href=\"https:\/\/www.wilde-farben.de\/wp-content\/uploads\/2013\/12\/2012-03-Mistel.jpg\"><img loading=\"lazy\" decoding=\"async\" aria-describedby=\"caption-attachment-452\" class=\"size-medium wp-image-452\" title=\"2012-03-Mistel\" src=\"https:\/\/www.wilde-farben.de\/wp-content\/uploads\/2013\/12\/2012-03-Mistel-300x217.jpg\" alt=\"\" width=\"300\" height=\"217\" srcset=\"https:\/\/www.wilde-farben.de\/wp-content\/uploads\/2013\/12\/2012-03-Mistel-300x217.jpg 300w, https:\/\/www.wilde-farben.de\/wp-content\/uploads\/2013\/12\/2012-03-Mistel-414x300.jpg 414w, https:\/\/www.wilde-farben.de\/wp-content\/uploads\/2013\/12\/2012-03-Mistel.jpg 800w\" sizes=\"auto, (max-width: 300px) 100vw, 300px\" \/><\/a><p id=\"caption-attachment-452\" class=\"wp-caption-text\">Mistelf\u00e4rbung<\/p><\/div>\n<p><a href=\"https:\/\/www.wilde-farben.de\/wp-content\/uploads\/2018\/05\/mistelfaerbung.jpg\"><img loading=\"lazy\" decoding=\"async\" src=\"https:\/\/www.wilde-farben.de\/wp-content\/uploads\/2018\/05\/mistelfaerbung-300x217.jpg\" alt=\"\" width=\"300\" height=\"217\" class=\"aligncenter size-medium wp-image-899\" srcset=\"https:\/\/www.wilde-farben.de\/wp-content\/uploads\/2018\/05\/mistelfaerbung-300x217.jpg 300w, https:\/\/www.wilde-farben.de\/wp-content\/uploads\/2018\/05\/mistelfaerbung-768x556.jpg 768w, https:\/\/www.wilde-farben.de\/wp-content\/uploads\/2018\/05\/mistelfaerbung-415x300.jpg 415w, https:\/\/www.wilde-farben.de\/wp-content\/uploads\/2018\/05\/mistelfaerbung.jpg 800w\" sizes=\"auto, (max-width: 300px) 100vw, 300px\" \/><\/a><\/p>\n<div id=\"rezept\">\n<div style=\"width: 100%; position: relative; top: -20px; left: -20px;\"><img decoding=\"async\" src=\"https:\/\/www.wilde-farben.de\/wp-content\/uploads\/2013\/01\/ol.png\" height=\"16px\" align=\"left\" \/><\/div>\n<div style=\"width: 100%; position: relative; top: -20px; right: -20px;\"><img decoding=\"async\" src=\"https:\/\/www.wilde-farben.de\/wp-content\/uploads\/2013\/01\/or.png\" height=\"16px\" align=\"right\" \/><\/div>\n<div style=\"width: 100%; position: relative; top: 0px; left: 0px; clear: both;\"><strong>Rezept messinggelbe F\u00e4rbung mit Misteln f\u00fcr 200 g Textilmaterial<\/strong><\/div>\n<ul style=\"list-style-type: disc;\">\n<li>200 g Mistelzweige- und bl\u00e4tter in 10 Liter Wasser aufkochen lassen<\/li>\n<li>\u00fcber Nacht ziehen lassen<\/li>\n<li>vorgebeiztes F\u00e4rbegut direkt in das Pflanzenmaterial einlegen<\/li>\n<li>eventuell Wasser zugeben, damit das F\u00e4rbegut bedeckt ist<\/li>\n<li>auf ungef\u00e4hr 70 Grad erw\u00e4rmen<\/li>\n<li>vom Herd nehmen<\/li>\n<li>unter gelegentlichem Umr\u00fchren f\u00fcr einen Tag ziehen lassen<\/li>\n<li>dann waschen und sp\u00fclen<\/li>\n<\/ul>\n<div style=\"width: 100%; position: relative; bottom: 5px; left: -20px;\"><img decoding=\"async\" src=\"https:\/\/www.wilde-farben.de\/wp-content\/uploads\/2013\/01\/ul.png\" height=\"16px\" align=\"left\" \/><\/div>\n<div style=\"width: 100%; position: relative; bottom: 5px; right: -20px;\"><img decoding=\"async\" src=\"https:\/\/www.wilde-farben.de\/wp-content\/uploads\/2013\/01\/ur.png\" height=\"16px\" align=\"right\" \/><\/div>\n<\/div>\n","protected":false},"excerpt":{"rendered":"<p>Heute an Imbolg &#8211; und es ist bitterkalt, das Thermometer hat heute Nacht Minus 21 Grad angezeigt! Jetzt ist ein guter Zeitpunkt die Misteln, die als Weihnachtsdekoration dienten in den F\u00e4rbetopf zu werfen. Die immer noch gr\u00fcnen Zweige sind trocken &hellip; <a href=\"https:\/\/www.wilde-farben.de\/?p=94\">Weiterlesen <span class=\"meta-nav\">&rarr;<\/span><\/a><\/p>\n","protected":false},"author":1,"featured_media":0,"comment_status":"closed","ping_status":"closed","sticky":false,"template":"","format":"standard","meta":{"footnotes":""},"categories":[37,7,29],"tags":[8],"class_list":["post-94","post","type-post","status-publish","format-standard","hentry","category-beerenfarbung","category-farberezepte","category-gelbtone","tag-gelb"],"_links":{"self":[{"href":"https:\/\/www.wilde-farben.de\/index.php?rest_route=\/wp\/v2\/posts\/94","targetHints":{"allow":["GET"]}}],"collection":[{"href":"https:\/\/www.wilde-farben.de\/index.php?rest_route=\/wp\/v2\/posts"}],"about":[{"href":"https:\/\/www.wilde-farben.de\/index.php?rest_route=\/wp\/v2\/types\/post"}],"author":[{"embeddable":true,"href":"https:\/\/www.wilde-farben.de\/index.php?rest_route=\/wp\/v2\/users\/1"}],"replies":[{"embeddable":true,"href":"https:\/\/www.wilde-farben.de\/index.php?rest_route=%2Fwp%2Fv2%2Fcomments&post=94"}],"version-history":[{"count":15,"href":"https:\/\/www.wilde-farben.de\/index.php?rest_route=\/wp\/v2\/posts\/94\/revisions"}],"predecessor-version":[{"id":901,"href":"https:\/\/www.wilde-farben.de\/index.php?rest_route=\/wp\/v2\/posts\/94\/revisions\/901"}],"wp:attachment":[{"href":"https:\/\/www.wilde-farben.de\/index.php?rest_route=%2Fwp%2Fv2%2Fmedia&parent=94"}],"wp:term":[{"taxonomy":"category","embeddable":true,"href":"https:\/\/www.wilde-farben.de\/index.php?rest_route=%2Fwp%2Fv2%2Fcategories&post=94"},{"taxonomy":"post_tag","embeddable":true,"href":"https:\/\/www.wilde-farben.de\/index.php?rest_route=%2Fwp%2Fv2%2Ftags&post=94"}],"curies":[{"name":"wp","href":"https:\/\/api.w.org\/{rel}","templated":true}]}}