{"id":68,"date":"2011-10-03T21:16:35","date_gmt":"2011-10-03T21:16:35","guid":{"rendered":"https:\/\/www.wilde-farben.de\/?p=68"},"modified":"2018-01-08T16:30:19","modified_gmt":"2018-01-08T16:30:19","slug":"farben-mit-birkenblattern","status":"publish","type":"post","link":"https:\/\/www.wilde-farben.de\/?p=68","title":{"rendered":"F\u00e4rben mit Birkenbl\u00e4ttern"},"content":{"rendered":"<p>Die Birke ist hier auf der Schw\u00e4bischen Alb ein weit verbreiteter Baum und liefert so das ideale Ausgangsmaterial f\u00fcr den F\u00e4rbetopf. Schnell sind die Bl\u00e4tter von den herabh\u00e4ngenden \u00c4sten gepfl\u00fcckt, bevor sie ihre Herbstf\u00e4rbung annehmen. Aus mehreren Quellen habe ich erfahren, dass das F\u00e4rben mit Birkenbl\u00e4ttern wohl schon in der Jungsteinzeit \u00fcblich war. Der F\u00e4rbevorgang war sehr unkompliziert und das Ergebnis umwerfend &#8211; niemals h\u00e4tte ich vermutet, dass das Gelb so strahlend und satt wird.<\/p>\n<div id=\"attachment_411\" style=\"width: 310px\" class=\"wp-caption alignnone\"><a href=\"https:\/\/www.wilde-farben.de\/wp-content\/uploads\/2013\/12\/2011-09-birkenblaetter1.jpg\"><img loading=\"lazy\" decoding=\"async\" aria-describedby=\"caption-attachment-411\" class=\"size-medium wp-image-411\" title=\"2011-09-birkenblaetter1\" src=\"https:\/\/www.wilde-farben.de\/wp-content\/uploads\/2013\/12\/2011-09-birkenblaetter1-300x217.jpg\" alt=\"\" width=\"300\" height=\"217\" srcset=\"https:\/\/www.wilde-farben.de\/wp-content\/uploads\/2013\/12\/2011-09-birkenblaetter1-300x217.jpg 300w, https:\/\/www.wilde-farben.de\/wp-content\/uploads\/2013\/12\/2011-09-birkenblaetter1-414x300.jpg 414w, https:\/\/www.wilde-farben.de\/wp-content\/uploads\/2013\/12\/2011-09-birkenblaetter1.jpg 800w\" sizes=\"auto, (max-width: 300px) 100vw, 300px\" \/><\/a><p id=\"caption-attachment-411\" class=\"wp-caption-text\">Wolle im Farbsud mit Birkenbl\u00e4ttern<\/p><\/div>\n<div id=\"attachment_412\" style=\"width: 227px\" class=\"wp-caption alignnone\"><a href=\"https:\/\/www.wilde-farben.de\/wp-content\/uploads\/2013\/12\/2011-09-birkenblaetter2.jpg\"><img loading=\"lazy\" decoding=\"async\" aria-describedby=\"caption-attachment-412\" class=\"size-medium wp-image-412\" title=\"2011-09-birkenblaetter2\" src=\"https:\/\/www.wilde-farben.de\/wp-content\/uploads\/2013\/12\/2011-09-birkenblaetter2-217x300.jpg\" alt=\"\" width=\"217\" height=\"300\" srcset=\"https:\/\/www.wilde-farben.de\/wp-content\/uploads\/2013\/12\/2011-09-birkenblaetter2-217x300.jpg 217w, https:\/\/www.wilde-farben.de\/wp-content\/uploads\/2013\/12\/2011-09-birkenblaetter2.jpg 579w\" sizes=\"auto, (max-width: 217px) 100vw, 217px\" \/><\/a><p id=\"caption-attachment-412\" class=\"wp-caption-text\">Gef\u00e4rbte Wolle im Birkenbaum<\/p><\/div>\n<div id=\"rezept\">\n<div style=\"width: 100%; position: relative; top: -20px; left: -20px;\"><img decoding=\"async\" src=\"https:\/\/www.wilde-farben.de\/wp-content\/uploads\/2013\/01\/ol.png\" alt=\"\" height=\"16px\" align=\"left\" \/><\/div>\n<div style=\"width: 100%; position: relative; top: -20px; right: -20px;\"><img decoding=\"async\" src=\"https:\/\/www.wilde-farben.de\/wp-content\/uploads\/2013\/01\/or.png\" alt=\"\" height=\"16px\" align=\"right\" \/><\/div>\n<div style=\"width: 100%; position: relative; top: 0px; left: 0px; clear: both;\">\n<p><strong>Rezept gelbe F\u00e4rbung mit Birkenbl\u00e4tter f\u00fcr 200 g Textilmaterial<\/strong><\/p>\n<ul style=\"list-style-type: disc;\">\n<li>200 g Birkenbl\u00e4tter in 10 Liter Wasser aufkochen lassen<\/li>\n<li>\u00fcber Nacht ziehen lassen<\/li>\n<li>vorgebeiztes F\u00e4rbegut in den Farbsud zwischen die Bl\u00e4tter einlegen<\/li>\n<li>eventuell Wasser zugeben, damit das F\u00e4rbegut bedeckt ist<\/li>\n<li>auf ungef\u00e4hr 70 Grad erw\u00e4rmen<\/li>\n<li>vom Herd nehmen<\/li>\n<li>unter gelegentlichen Umr\u00fchren f\u00fcr einen Tag ziehen lassen<\/li>\n<li>dann waschen und sp\u00fclen<\/li>\n<\/ul>\n<\/div>\n<div style=\"width: 100%; position: relative; bottom: 5px; left: -20px;\"><img decoding=\"async\" src=\"https:\/\/www.wilde-farben.de\/wp-content\/uploads\/2013\/01\/ul.png\" alt=\"\" height=\"16px\" align=\"left\" \/><\/div>\n<div style=\"width: 100%; position: relative; bottom: 5px; right: -20px;\"><img decoding=\"async\" src=\"https:\/\/www.wilde-farben.de\/wp-content\/uploads\/2013\/01\/ur.png\" alt=\"\" height=\"16px\" align=\"right\" \/><\/div>\n<\/div>\n","protected":false},"excerpt":{"rendered":"<p>Die Birke ist hier auf der Schw\u00e4bischen Alb ein weit verbreiteter Baum und liefert so das ideale Ausgangsmaterial f\u00fcr den F\u00e4rbetopf. Schnell sind die Bl\u00e4tter von den herabh\u00e4ngenden \u00c4sten gepfl\u00fcckt, bevor sie ihre Herbstf\u00e4rbung annehmen. Aus mehreren Quellen habe ich &hellip; <a href=\"https:\/\/www.wilde-farben.de\/?p=68\">Weiterlesen <span class=\"meta-nav\">&rarr;<\/span><\/a><\/p>\n","protected":false},"author":1,"featured_media":0,"comment_status":"closed","ping_status":"closed","sticky":false,"template":"","format":"standard","meta":{"footnotes":""},"categories":[42,7,29],"tags":[8],"class_list":["post-68","post","type-post","status-publish","format-standard","hentry","category-blatterfarbung","category-farberezepte","category-gelbtone","tag-gelb"],"_links":{"self":[{"href":"https:\/\/www.wilde-farben.de\/index.php?rest_route=\/wp\/v2\/posts\/68","targetHints":{"allow":["GET"]}}],"collection":[{"href":"https:\/\/www.wilde-farben.de\/index.php?rest_route=\/wp\/v2\/posts"}],"about":[{"href":"https:\/\/www.wilde-farben.de\/index.php?rest_route=\/wp\/v2\/types\/post"}],"author":[{"embeddable":true,"href":"https:\/\/www.wilde-farben.de\/index.php?rest_route=\/wp\/v2\/users\/1"}],"replies":[{"embeddable":true,"href":"https:\/\/www.wilde-farben.de\/index.php?rest_route=%2Fwp%2Fv2%2Fcomments&post=68"}],"version-history":[{"count":14,"href":"https:\/\/www.wilde-farben.de\/index.php?rest_route=\/wp\/v2\/posts\/68\/revisions"}],"predecessor-version":[{"id":840,"href":"https:\/\/www.wilde-farben.de\/index.php?rest_route=\/wp\/v2\/posts\/68\/revisions\/840"}],"wp:attachment":[{"href":"https:\/\/www.wilde-farben.de\/index.php?rest_route=%2Fwp%2Fv2%2Fmedia&parent=68"}],"wp:term":[{"taxonomy":"category","embeddable":true,"href":"https:\/\/www.wilde-farben.de\/index.php?rest_route=%2Fwp%2Fv2%2Fcategories&post=68"},{"taxonomy":"post_tag","embeddable":true,"href":"https:\/\/www.wilde-farben.de\/index.php?rest_route=%2Fwp%2Fv2%2Ftags&post=68"}],"curies":[{"name":"wp","href":"https:\/\/api.w.org\/{rel}","templated":true}]}}