{"id":636,"date":"2014-09-15T21:54:23","date_gmt":"2014-09-15T21:54:23","guid":{"rendered":"https:\/\/www.wilde-farben.de\/?p=636"},"modified":"2018-01-08T16:06:32","modified_gmt":"2018-01-08T16:06:32","slug":"tagetes","status":"publish","type":"post","link":"https:\/\/www.wilde-farben.de\/?p=636","title":{"rendered":"F\u00e4rben mit Tagetes-Bl\u00fcten"},"content":{"rendered":"<p>In unserem Dorf wohnt eine \u00e4ltere Dame, in deren Garten unglaublich viele Tagetes bl\u00fchen. Ich habe es schon vor langer Zeit aufgegeben mit den Schnecken um diese Blumen zu k\u00e4mpfen. Ich bat daher die Frau, sie m\u00f6ge mir doch die abgebl\u00fchten Bl\u00fctenk\u00f6pfe aufbewahren. Nach einiger Zeit konnte ich eine ganze Kiste getrockneter Tagetesbl\u00fcten abholen. Mit so viel Pflanzenmaterial konnte ich ein wirklich sattes Ergebnis erzielen. Die Tagetesbl\u00fcten f\u00e4rbten die Wolle in ein leuchtendes Rost-Orange.<\/p>\n<p>An dieser Stelle f\u00e4llt mir wieder auf, wie schwer es ist eine Farbe in Worte zu fassen.<\/p>\n<div id=\"rezept\">\n<div style=\"width: 100%; position: relative; top: -20px; left: -20px;\"><img decoding=\"async\" src=\"https:\/\/www.wilde-farben.de\/wp-content\/uploads\/2013\/01\/ol.png\" alt=\"\" height=\"16px\" align=\"left\" \/><\/div>\n<div style=\"width: 100%; position: relative; top: -20px; right: -20px;\"><img decoding=\"async\" src=\"https:\/\/www.wilde-farben.de\/wp-content\/uploads\/2013\/01\/or.png\" alt=\"\" height=\"16px\" align=\"right\" \/><\/div>\n<div style=\"width: 100%; position: relative; top: 0px; left: 0px; clear: both;\">\n<p><strong>Rezept orange F\u00e4rbung mit Tagetesbl\u00fcten f\u00fcr 100 g Textilmaterial<\/strong><\/p>\n<ul>\n<li>100 g Tagetesbl\u00fcten in 5 Liter Wasser aufkochen lassen<\/li>\n<li>\u00fcber Nacht ziehen lassen<\/li>\n<li>vorgebeiztes F\u00e4rbegut in den Farbsud zwischen die Bl\u00fcten einlegen<\/li>\n<li>eventuell Wasser zugeben, damit das F\u00e4rbegut bedeckt ist<\/li>\n<li>auf ungef\u00e4hr 70 Grad erw\u00e4rmen<\/li>\n<li>vom Herd nehmen<\/li>\n<li>unter gelegentlichem Umr\u00fchren f\u00fcr einen Tag ziehen lassen<\/li>\n<li>dann waschen und sp\u00fclen<\/li>\n<\/ul>\n<\/div>\n<div style=\"width: 100%; position: relative; bottom: 5px; left: -20px;\"><img decoding=\"async\" src=\"https:\/\/www.wilde-farben.de\/wp-content\/uploads\/2013\/01\/ul.png\" alt=\"\" height=\"16px\" align=\"left\" \/><\/div>\n<div style=\"width: 100%; position: relative; bottom: 5px; right: -20px;\"><img decoding=\"async\" src=\"https:\/\/www.wilde-farben.de\/wp-content\/uploads\/2013\/01\/ur.png\" alt=\"\" height=\"16px\" align=\"right\" \/><\/div>\n<\/div>\n<div id=\"attachment_468\" style=\"width: 310px\" class=\"wp-caption alignnone\"><a href=\"https:\/\/www.wilde-farben.de\/wp-content\/uploads\/2013\/12\/2012-11-tagetes.jpg\"><img loading=\"lazy\" decoding=\"async\" aria-describedby=\"caption-attachment-468\" class=\"size-medium wp-image-468\" title=\"Tagetesf\u00e4rbung\" src=\"https:\/\/www.wilde-farben.de\/wp-content\/uploads\/2013\/12\/2012-11-tagetes-300x217.jpg\" alt=\"\" width=\"300\" height=\"217\" srcset=\"https:\/\/www.wilde-farben.de\/wp-content\/uploads\/2013\/12\/2012-11-tagetes-300x217.jpg 300w, https:\/\/www.wilde-farben.de\/wp-content\/uploads\/2013\/12\/2012-11-tagetes-414x300.jpg 414w, https:\/\/www.wilde-farben.de\/wp-content\/uploads\/2013\/12\/2012-11-tagetes.jpg 800w\" sizes=\"auto, (max-width: 300px) 100vw, 300px\" \/><\/a><p id=\"caption-attachment-468\" class=\"wp-caption-text\">Wolle, gef\u00e4rbt mit Tagetes-Bl\u00fcten<\/p><\/div>\n<div id=\"attachment_649\" style=\"width: 310px\" class=\"wp-caption alignnone\"><a href=\"https:\/\/www.wilde-farben.de\/wp-content\/uploads\/2014\/09\/2013-10-19-tagetesfaerbung.jpg\"><img loading=\"lazy\" decoding=\"async\" aria-describedby=\"caption-attachment-649\" class=\"aligncenter size-medium wp-image-666\" title=\"2013-10-19-tagetesfaerbung\" src=\"https:\/\/www.wilde-farben.de\/wp-content\/uploads\/2014\/09\/2013-10-19-tagetesfaerbung-300x217.jpg\" alt=\"\" width=\"300\" height=\"217\" srcset=\"https:\/\/www.wilde-farben.de\/wp-content\/uploads\/2014\/09\/2013-10-19-tagetesfaerbung-300x217.jpg 300w, https:\/\/www.wilde-farben.de\/wp-content\/uploads\/2014\/09\/2013-10-19-tagetesfaerbung-414x300.jpg 414w, https:\/\/www.wilde-farben.de\/wp-content\/uploads\/2014\/09\/2013-10-19-tagetesfaerbung.jpg 800w\" sizes=\"auto, (max-width: 300px) 100vw, 300px\" \/><\/a><p id=\"caption-attachment-649\" class=\"wp-caption-text\">Tagetes-Bl\u00fcten-F\u00e4rbung<\/p><\/div>\n","protected":false},"excerpt":{"rendered":"<p>In unserem Dorf wohnt eine \u00e4ltere Dame, in deren Garten unglaublich viele Tagetes bl\u00fchen. Ich habe es schon vor langer Zeit aufgegeben mit den Schnecken um diese Blumen zu k\u00e4mpfen. Ich bat daher die Frau, sie m\u00f6ge mir doch die &hellip; <a href=\"https:\/\/www.wilde-farben.de\/?p=636\">Weiterlesen <span class=\"meta-nav\">&rarr;<\/span><\/a><\/p>\n","protected":false},"author":1,"featured_media":0,"comment_status":"closed","ping_status":"closed","sticky":false,"template":"","format":"standard","meta":{"footnotes":""},"categories":[38,7,29,30],"tags":[],"class_list":["post-636","post","type-post","status-publish","format-standard","hentry","category-blutenfarbung","category-farberezepte","category-gelbtone","category-rottone"],"_links":{"self":[{"href":"https:\/\/www.wilde-farben.de\/index.php?rest_route=\/wp\/v2\/posts\/636","targetHints":{"allow":["GET"]}}],"collection":[{"href":"https:\/\/www.wilde-farben.de\/index.php?rest_route=\/wp\/v2\/posts"}],"about":[{"href":"https:\/\/www.wilde-farben.de\/index.php?rest_route=\/wp\/v2\/types\/post"}],"author":[{"embeddable":true,"href":"https:\/\/www.wilde-farben.de\/index.php?rest_route=\/wp\/v2\/users\/1"}],"replies":[{"embeddable":true,"href":"https:\/\/www.wilde-farben.de\/index.php?rest_route=%2Fwp%2Fv2%2Fcomments&post=636"}],"version-history":[{"count":4,"href":"https:\/\/www.wilde-farben.de\/index.php?rest_route=\/wp\/v2\/posts\/636\/revisions"}],"predecessor-version":[{"id":792,"href":"https:\/\/www.wilde-farben.de\/index.php?rest_route=\/wp\/v2\/posts\/636\/revisions\/792"}],"wp:attachment":[{"href":"https:\/\/www.wilde-farben.de\/index.php?rest_route=%2Fwp%2Fv2%2Fmedia&parent=636"}],"wp:term":[{"taxonomy":"category","embeddable":true,"href":"https:\/\/www.wilde-farben.de\/index.php?rest_route=%2Fwp%2Fv2%2Fcategories&post=636"},{"taxonomy":"post_tag","embeddable":true,"href":"https:\/\/www.wilde-farben.de\/index.php?rest_route=%2Fwp%2Fv2%2Ftags&post=636"}],"curies":[{"name":"wp","href":"https:\/\/api.w.org\/{rel}","templated":true}]}}