{"id":560,"date":"2013-09-01T21:05:16","date_gmt":"2013-09-01T21:05:16","guid":{"rendered":"https:\/\/www.wilde-farben.de\/?p=560"},"modified":"2020-08-31T15:58:13","modified_gmt":"2020-08-31T15:58:13","slug":"bartflechten","status":"publish","type":"post","link":"https:\/\/www.wilde-farben.de\/?p=560","title":{"rendered":"F\u00e4rben mit Bartflechten"},"content":{"rendered":"<p>In diesem Jahr verbrachten wir unseren Sommerurlaub wieder in Irland. Hier in Killarney in einem Sweater-Shop nahm unsere Idee, Wolle mit Pflanzen zu f\u00e4rben ihrem Anfang. W\u00e4hrend mein Mann Pullover anprobierte schauten mein j\u00fcngster Sohn und ich einen Film \u00fcber die ber\u00fchmten Aran-Sweater an. Darin wurde auch beschrieben, wie die Wolle versponnen und dann mit Flechten gef\u00e4rbt wurde. Da stand unser Entschluss fest, das auch zu versuchen. In der Zwischenzeit sind viele Pflanzen in meinem F\u00e4rbetopf gelandet, aber noch nie Flechten; die gedeihen hier auf der Schw\u00e4bischen Alb gar nicht. Jedoch im feuchten irischen Klima sind vor allem die L\u00e4rchen so \u00fcppig mit Flechten bewachsen, dass ich zumindest die Menge Pflanzenmaterial f\u00fcr einen Strang Wolle zusammen hatte.<\/p>\n<p><a href=\"https:\/\/www.wilde-farben.de\/wp-content\/uploads\/2020\/08\/flechten.jpg\"><img loading=\"lazy\" decoding=\"async\" class=\"wp-image-1197 size-medium aligncenter\" title=\"2013-09-bartflechte\" src=\"https:\/\/www.wilde-farben.de\/wp-content\/uploads\/2020\/08\/flechten-300x217.jpg\" alt=\"\" width=\"300\" height=\"217\" srcset=\"https:\/\/www.wilde-farben.de\/wp-content\/uploads\/2020\/08\/flechten-300x217.jpg 300w, https:\/\/www.wilde-farben.de\/wp-content\/uploads\/2020\/08\/flechten-768x556.jpg 768w, https:\/\/www.wilde-farben.de\/wp-content\/uploads\/2020\/08\/flechten-415x300.jpg 415w, https:\/\/www.wilde-farben.de\/wp-content\/uploads\/2020\/08\/flechten.jpg 800w\" sizes=\"auto, (max-width: 300px) 100vw, 300px\" \/><\/a><\/p>\n<p>Der F\u00e4rbesud war nach dem Auskochen der Flechten nur milchig-tr\u00fcb und es so aus, als ob sie keine Farbe abgeben w\u00fcrden. Dennoch legte die die Wolle ein und tats\u00e4chlich f\u00e4rbte sich diese braun-orange. Meinem Mann gefiel die Farbe so gut, dass er sich von der Wolle Socken w\u00fcnschte.<\/p>\n<p><a href=\"https:\/\/www.wilde-farben.de\/wp-content\/uploads\/2013\/12\/2013-09-bartflechte.jpg\"><img loading=\"lazy\" decoding=\"async\" class=\"alignnone size-medium wp-image-471\" title=\"2013-09-bartflechte\" src=\"https:\/\/www.wilde-farben.de\/wp-content\/uploads\/2013\/12\/2013-09-bartflechte-300x217.jpg\" alt=\"\" width=\"300\" height=\"217\" srcset=\"https:\/\/www.wilde-farben.de\/wp-content\/uploads\/2013\/12\/2013-09-bartflechte-300x217.jpg 300w, https:\/\/www.wilde-farben.de\/wp-content\/uploads\/2013\/12\/2013-09-bartflechte-414x300.jpg 414w, https:\/\/www.wilde-farben.de\/wp-content\/uploads\/2013\/12\/2013-09-bartflechte.jpg 800w\" sizes=\"auto, (max-width: 300px) 100vw, 300px\" \/><\/a><a href=\"https:\/\/www.wilde-farben.de\/wp-content\/uploads\/2014\/03\/Bartflechten-Socken.jpg\"><img loading=\"lazy\" decoding=\"async\" class=\"alignnone size-medium wp-image-566\" title=\"Bartflechten-Socken\" src=\"https:\/\/www.wilde-farben.de\/wp-content\/uploads\/2014\/03\/Bartflechten-Socken-300x217.jpg\" alt=\"\" width=\"300\" height=\"217\" srcset=\"https:\/\/www.wilde-farben.de\/wp-content\/uploads\/2014\/03\/Bartflechten-Socken-300x217.jpg 300w, https:\/\/www.wilde-farben.de\/wp-content\/uploads\/2014\/03\/Bartflechten-Socken-414x300.jpg 414w, https:\/\/www.wilde-farben.de\/wp-content\/uploads\/2014\/03\/Bartflechten-Socken.jpg 800w\" sizes=\"auto, (max-width: 300px) 100vw, 300px\" \/><\/a><\/p>\n<div id=\"rezept\">\n<div style=\"width: 100%; position: relative; top: -20px; left: -20px; float: none;\"><img decoding=\"async\" src=\"https:\/\/www.wilde-farben.de\/wp-content\/uploads\/2013\/01\/ol.png\" alt=\"\" height=\"16px\" align=\"left\" \/><\/div>\n<div style=\"width: 100%; position: relative; top: -20px; right: -20px; float: none;\"><img decoding=\"async\" src=\"https:\/\/www.wilde-farben.de\/wp-content\/uploads\/2013\/01\/or.png\" alt=\"\" height=\"16px\" align=\"right\" \/><\/div>\n<div style=\"width: 100%; position: relative; top: 0px; left: 0px; clear: both;\">\n<p><strong>Rezept braun-orange F\u00e4rbung mit Bartflechten f\u00fcr 100 g Textilmaterial<\/strong><\/p>\n<ul style=\"list-style-type: disc;\">\n<li>50\u00a0g\u00a0Bartflechten in 3 Liter Wasser aufkochen lassen<\/li>\n<li>\u00fcber Nacht ziehen lassen<\/li>\n<li>vorgebeiztes F\u00e4rbegut in den Farbsud zwischen die\u00a0Flechten einlegen<\/li>\n<li>eventuell Wasser zugeben, damit das F\u00e4rbegut bedeckt ist<\/li>\n<li>auf ungef\u00e4hr 70 Grad erw\u00e4rmen<\/li>\n<li>vom Herd nehmen<\/li>\n<li>unter gelegentlichem Umr\u00fchren f\u00fcr einen Tag ziehen lassen<\/li>\n<li>dann waschen und sp\u00fclen<\/li>\n<\/ul>\n<\/div>\n<div style=\"width: 100%; position: relative; bottom: 5px; left: -20px; float: none;\"><img decoding=\"async\" src=\"https:\/\/www.wilde-farben.de\/wp-content\/uploads\/2013\/01\/ul.png\" alt=\"\" height=\"16px\" align=\"left\" \/><\/div>\n<div style=\"width: 100%; position: relative; bottom: 5px; right: -20px; float: none;\"><img decoding=\"async\" src=\"https:\/\/www.wilde-farben.de\/wp-content\/uploads\/2013\/01\/ur.png\" alt=\"\" height=\"16px\" align=\"right\" \/><\/div>\n<\/div>\n","protected":false},"excerpt":{"rendered":"<p>In diesem Jahr verbrachten wir unseren Sommerurlaub wieder in Irland. Hier in Killarney in einem Sweater-Shop nahm unsere Idee, Wolle mit Pflanzen zu f\u00e4rben ihrem Anfang. W\u00e4hrend mein Mann Pullover anprobierte schauten mein j\u00fcngster Sohn und ich einen Film \u00fcber &hellip; <a href=\"https:\/\/www.wilde-farben.de\/?p=560\">Weiterlesen <span class=\"meta-nav\">&rarr;<\/span><\/a><\/p>\n","protected":false},"author":2,"featured_media":0,"comment_status":"closed","ping_status":"closed","sticky":false,"template":"","format":"standard","meta":{"footnotes":""},"categories":[32,7,29,39],"tags":[36,10,8,22],"class_list":["post-560","post","type-post","status-publish","format-standard","hentry","category-brauntone","category-farberezepte","category-gelbtone","category-pilz-und-flechtenfarbung","tag-bartflechte","tag-braun","tag-gelb","tag-orange"],"_links":{"self":[{"href":"https:\/\/www.wilde-farben.de\/index.php?rest_route=\/wp\/v2\/posts\/560","targetHints":{"allow":["GET"]}}],"collection":[{"href":"https:\/\/www.wilde-farben.de\/index.php?rest_route=\/wp\/v2\/posts"}],"about":[{"href":"https:\/\/www.wilde-farben.de\/index.php?rest_route=\/wp\/v2\/types\/post"}],"author":[{"embeddable":true,"href":"https:\/\/www.wilde-farben.de\/index.php?rest_route=\/wp\/v2\/users\/2"}],"replies":[{"embeddable":true,"href":"https:\/\/www.wilde-farben.de\/index.php?rest_route=%2Fwp%2Fv2%2Fcomments&post=560"}],"version-history":[{"count":9,"href":"https:\/\/www.wilde-farben.de\/index.php?rest_route=\/wp\/v2\/posts\/560\/revisions"}],"predecessor-version":[{"id":1199,"href":"https:\/\/www.wilde-farben.de\/index.php?rest_route=\/wp\/v2\/posts\/560\/revisions\/1199"}],"wp:attachment":[{"href":"https:\/\/www.wilde-farben.de\/index.php?rest_route=%2Fwp%2Fv2%2Fmedia&parent=560"}],"wp:term":[{"taxonomy":"category","embeddable":true,"href":"https:\/\/www.wilde-farben.de\/index.php?rest_route=%2Fwp%2Fv2%2Fcategories&post=560"},{"taxonomy":"post_tag","embeddable":true,"href":"https:\/\/www.wilde-farben.de\/index.php?rest_route=%2Fwp%2Fv2%2Ftags&post=560"}],"curies":[{"name":"wp","href":"https:\/\/api.w.org\/{rel}","templated":true}]}}