{"id":328,"date":"2013-08-08T22:34:59","date_gmt":"2013-08-08T22:34:59","guid":{"rendered":"https:\/\/www.wilde-farben.de\/?p=328"},"modified":"2018-09-30T20:08:41","modified_gmt":"2018-09-30T20:08:41","slug":"farben-mit-rainfarn","status":"publish","type":"post","link":"https:\/\/www.wilde-farben.de\/?p=328","title":{"rendered":"F\u00e4rben mit den Bl\u00fcten des Rainfarn"},"content":{"rendered":"<p>Unser Besuch in N\u00f6rdlingen hat sich nicht nur wegen des allj\u00e4hrlichen, gro\u00dfen Stadtflohmarktes gelohnt, sondern auch wegen der \u00fcppigen Rainfarn-Ernte. Direkt neben unserem Parkplatz verstr\u00f6mte das sehr aromatische Kraut seinen eindringenden Geruch. Schnell konnten wir einen Korb voller Bl\u00fcten pfl\u00fccken. Der F\u00e4rbevorgang war sehr unkompliziert und das ganze Haus roch nach den w\u00fcrzigen \u00e4therischen \u00d6len des Rainfarns. Das F\u00e4rbeergebnis war sehr zufriedenstellend &#8211; ein sattes, warmes messinggelb, das leicht ins olivgr\u00fcn geht.<\/p>\n<div id=\"attachment_470\" style=\"width: 310px\" class=\"wp-caption alignnone\"><a href=\"https:\/\/www.wilde-farben.de\/wp-content\/uploads\/2013\/12\/2013-09-rainfarn.jpg\"><img loading=\"lazy\" decoding=\"async\" aria-describedby=\"caption-attachment-470\" class=\"size-medium wp-image-470\" title=\"2013-09-rainfarn\" src=\"https:\/\/www.wilde-farben.de\/wp-content\/uploads\/2013\/12\/2013-09-rainfarn-300x217.jpg\" alt=\"\" width=\"300\" height=\"217\" srcset=\"https:\/\/www.wilde-farben.de\/wp-content\/uploads\/2013\/12\/2013-09-rainfarn-300x217.jpg 300w, https:\/\/www.wilde-farben.de\/wp-content\/uploads\/2013\/12\/2013-09-rainfarn-414x300.jpg 414w, https:\/\/www.wilde-farben.de\/wp-content\/uploads\/2013\/12\/2013-09-rainfarn.jpg 800w\" sizes=\"auto, (max-width: 300px) 100vw, 300px\" \/><\/a><p id=\"caption-attachment-470\" class=\"wp-caption-text\">Mit Rainfarn gef\u00e4rbte Wolle<\/p><\/div>\n<div id=\"attachment_469\" style=\"width: 310px\" class=\"wp-caption alignnone\"><a href=\"https:\/\/www.wilde-farben.de\/wp-content\/uploads\/2018\/09\/rainfarn.jpg\"><img loading=\"lazy\" decoding=\"async\" aria-describedby=\"caption-attachment-469\" class=\"size-medium wp-image-469\" title=\"rainfarn\" src=\"https:\/\/www.wilde-farben.de\/wp-content\/uploads\/2018\/09\/rainfarn.jpg\" alt=\"\" width=\"300\" height=\"217\" \/><\/a><p id=\"caption-attachment-469\" class=\"wp-caption-text\">Rainfarn<\/p><\/div>\n<div id=\"rezept\">\n<div style=\"width: 100%; position: relative; top: -20px; left: -20px;\"><img decoding=\"async\" src=\"https:\/\/www.wilde-farben.de\/wp-content\/uploads\/2013\/01\/ol.png\" height=\"16px\" align=\"left\" \/><\/div>\n<div style=\"width: 100%; position: relative; top: -20px; right: -20px;\"><img decoding=\"async\" src=\"https:\/\/www.wilde-farben.de\/wp-content\/uploads\/2013\/01\/or.png\" height=\"16px\" align=\"right\" \/><\/div>\n<div style=\"width: 100%; position: relative; top: 0px; left: 0px; clear: both;\">\n<p><strong>Rezept messinggelbe F\u00e4rbung mit Rainfarnbl\u00fcten f\u00fcr 100 g Textilmaterial<\/strong><\/p>\n<ul>\n<li>200 g Rainfarnbl\u00fcten in 10 Liter Wasser aufkochen lassen<\/li>\n<li>\u00fcber Nacht ziehen lassen<\/li>\n<li>vorgebeiztes F\u00e4rbegut in den Farbsud zwischen die Bl\u00fcten einlegen<\/li>\n<li>eventuell Wasser zugeben, damit das F\u00e4rbegut bedeckt ist<\/li>\n<li>auf ungef\u00e4hr 70 Grad erw\u00e4rmen<\/li>\n<li>vom Herd nehmen<\/li>\n<li>unter gelegentlichem Umr\u00fchren f\u00fcr einen Tag ziehen lassen<\/li>\n<\/ul>\n<\/div>\n<div style=\"width: 100%; position: relative; bottom: 5px; left: -20px;\"><img decoding=\"async\" src=\"https:\/\/www.wilde-farben.de\/wp-content\/uploads\/2013\/01\/ul.png\" height=\"16px\" align=\"left\" \/><\/div>\n<div style=\"width: 100%; position: relative; bottom: 5px; right: -20px;\"><img decoding=\"async\" src=\"https:\/\/www.wilde-farben.de\/wp-content\/uploads\/2013\/01\/ur.png\" height=\"16px\" align=\"right\" \/><\/div>\n<\/div>\n","protected":false},"excerpt":{"rendered":"<p>Unser Besuch in N\u00f6rdlingen hat sich nicht nur wegen des allj\u00e4hrlichen, gro\u00dfen Stadtflohmarktes gelohnt, sondern auch wegen der \u00fcppigen Rainfarn-Ernte. Direkt neben unserem Parkplatz verstr\u00f6mte das sehr aromatische Kraut seinen eindringenden Geruch. Schnell konnten wir einen Korb voller Bl\u00fcten pfl\u00fccken. &hellip; <a href=\"https:\/\/www.wilde-farben.de\/?p=328\">Weiterlesen <span class=\"meta-nav\">&rarr;<\/span><\/a><\/p>\n","protected":false},"author":2,"featured_media":0,"comment_status":"closed","ping_status":"closed","sticky":false,"template":"","format":"standard","meta":{"footnotes":""},"categories":[38,7,29],"tags":[8],"class_list":["post-328","post","type-post","status-publish","format-standard","hentry","category-blutenfarbung","category-farberezepte","category-gelbtone","tag-gelb"],"_links":{"self":[{"href":"https:\/\/www.wilde-farben.de\/index.php?rest_route=\/wp\/v2\/posts\/328","targetHints":{"allow":["GET"]}}],"collection":[{"href":"https:\/\/www.wilde-farben.de\/index.php?rest_route=\/wp\/v2\/posts"}],"about":[{"href":"https:\/\/www.wilde-farben.de\/index.php?rest_route=\/wp\/v2\/types\/post"}],"author":[{"embeddable":true,"href":"https:\/\/www.wilde-farben.de\/index.php?rest_route=\/wp\/v2\/users\/2"}],"replies":[{"embeddable":true,"href":"https:\/\/www.wilde-farben.de\/index.php?rest_route=%2Fwp%2Fv2%2Fcomments&post=328"}],"version-history":[{"count":8,"href":"https:\/\/www.wilde-farben.de\/index.php?rest_route=\/wp\/v2\/posts\/328\/revisions"}],"predecessor-version":[{"id":929,"href":"https:\/\/www.wilde-farben.de\/index.php?rest_route=\/wp\/v2\/posts\/328\/revisions\/929"}],"wp:attachment":[{"href":"https:\/\/www.wilde-farben.de\/index.php?rest_route=%2Fwp%2Fv2%2Fmedia&parent=328"}],"wp:term":[{"taxonomy":"category","embeddable":true,"href":"https:\/\/www.wilde-farben.de\/index.php?rest_route=%2Fwp%2Fv2%2Fcategories&post=328"},{"taxonomy":"post_tag","embeddable":true,"href":"https:\/\/www.wilde-farben.de\/index.php?rest_route=%2Fwp%2Fv2%2Ftags&post=328"}],"curies":[{"name":"wp","href":"https:\/\/api.w.org\/{rel}","templated":true}]}}