{"id":1425,"date":"2022-06-08T20:34:34","date_gmt":"2022-06-08T20:34:34","guid":{"rendered":"https:\/\/www.wilde-farben.de\/?p=1425"},"modified":"2023-09-06T10:26:27","modified_gmt":"2023-09-06T10:26:27","slug":"faerben-mit-den-blueten-des-wiesensalbeis","status":"publish","type":"post","link":"https:\/\/www.wilde-farben.de\/?p=1425","title":{"rendered":"F\u00e4rben mit den Bl\u00fcten des Wiesensalbeis"},"content":{"rendered":"\n<p>Auf einer unserer Wanderungen bei Fleinheim &nbsp;bot sich dieses wunderbare Bild \u2013 der Wiesensalbei hatte die Wildblumenwiese fast g\u00e4nzlich f\u00fcr sich eingenommen.<\/p>\n\n\n<div class=\"wp-block-image\">\n<figure class=\"aligncenter size-medium\"><a href=\"https:\/\/www.wilde-farben.de\/wp-content\/uploads\/2022\/06\/wiesensalbei.jpg\"><img loading=\"lazy\" decoding=\"async\" width=\"300\" height=\"217\" src=\"https:\/\/www.wilde-farben.de\/wp-content\/uploads\/2022\/06\/wiesensalbei-300x217.jpg\" alt=\"\" class=\"wp-image-1457\" srcset=\"https:\/\/www.wilde-farben.de\/wp-content\/uploads\/2022\/06\/wiesensalbei-300x217.jpg 300w, https:\/\/www.wilde-farben.de\/wp-content\/uploads\/2022\/06\/wiesensalbei-768x556.jpg 768w, https:\/\/www.wilde-farben.de\/wp-content\/uploads\/2022\/06\/wiesensalbei-415x300.jpg 415w, https:\/\/www.wilde-farben.de\/wp-content\/uploads\/2022\/06\/wiesensalbei.jpg 800w\" sizes=\"auto, (max-width: 300px) 100vw, 300px\" \/><\/a><figcaption class=\"wp-element-caption\">Eine Wiesensalbei-Wiese.<\/figcaption><\/figure>\n<\/div>\n\n\n<p>Die anspruchslose Wildstaude f\u00e4rbt im Fr\u00fchsommer die Wegr\u00e4nder und Trockenwiesen violett. Ein Blick auf die Inhaltsstoffe der Pflanze zeigt, dass sie reichlich Tannine und Gerbs\u00e4ure enth\u00e4lt. Da reichlich Pflanzenmaterial vorhanden war, lohnte sich ein F\u00e4rbeversuch f\u00fcr mich. Die Bl\u00fcten f\u00e4rbten beim Auskochen den Sud grasgr\u00fcn. Die Wolle nahm die Farbe auch gut an und nach dem Auswaschen hinterlie\u00dfen die Wiesensalbei-Bl\u00fcten ein sattes, best\u00e4ndiges Olivgr\u00fcn. Eine gelungene F\u00e4rbung, die ich auf jeden Fall wiederholen werde.<\/p>\n\n\n<div class=\"wp-block-image\">\n<figure class=\"aligncenter size-medium\"><a href=\"https:\/\/www.wilde-farben.de\/wp-content\/uploads\/2022\/06\/wiesensalbeifaerbung.jpg\"><img loading=\"lazy\" decoding=\"async\" width=\"300\" height=\"217\" src=\"https:\/\/www.wilde-farben.de\/wp-content\/uploads\/2022\/06\/wiesensalbeifaerbung-300x217.jpg\" alt=\"\" class=\"wp-image-1456\" srcset=\"https:\/\/www.wilde-farben.de\/wp-content\/uploads\/2022\/06\/wiesensalbeifaerbung-300x217.jpg 300w, https:\/\/www.wilde-farben.de\/wp-content\/uploads\/2022\/06\/wiesensalbeifaerbung-768x556.jpg 768w, https:\/\/www.wilde-farben.de\/wp-content\/uploads\/2022\/06\/wiesensalbeifaerbung-415x300.jpg 415w, https:\/\/www.wilde-farben.de\/wp-content\/uploads\/2022\/06\/wiesensalbeifaerbung.jpg 800w\" sizes=\"auto, (max-width: 300px) 100vw, 300px\" \/><\/a><figcaption class=\"wp-element-caption\">Wiesensalbeibl\u00fcten-F\u00e4rbung<\/figcaption><\/figure>\n<\/div>\n\n<div id=\"rezept\" class=\"bd-96fidz0ypwem0t7urv2kew9m87oo5q wp-block-bd--- wp-block-bd-block-1497\"><div position=\"relative\" top=\"0px\" left=\"0px\" class=\"bd-g50pfhu0x0f9bj83th0bwbduii5ncy\"><img decoding=\"async\" src=\"https:\/\/www.wilde-farben.de\/wp-content\/uploads\/2013\/01\/ol.png\" height=\"16px\" align=\"left\" class=\"bd-pgh4uhr6xwnuqclkns5rawjs6qh580\"><\/div><div position=\"relative\" top=\"0px\" right=\"0px\" class=\"bd-nd0zi1wuh9871qlu8gn73vgrbmzwpl\"><img decoding=\"async\" src=\"https:\/\/www.wilde-farben.de\/wp-content\/uploads\/2013\/01\/or.png\" height=\"16px\" align=\"right\" class=\"bd-zud7c1isqej0qdkixv2ylvnxkjn9re\"><\/div><div position=\"relative\" clear=\"both\" class=\"bd-phwve51rxxmj09vgq8b934o4prywpj\">\n\n<h2 class=\"wp-block-heading\">Rezept gr\u00fcne F\u00e4rbung mit Wiesensalbei-Bl\u00fcten f\u00fcr 100 g Textilmaterial<\/h2>\n\n\n\n<ul class=\"wp-block-list\">\n<li>20 g Bl\u00fcten in 4 Liter Wasser aufkochen lassen<\/li>\n\n\n\n<li>\u00fcber Nacht ziehen lassen<\/li>\n\n\n\n<li>vorgebeiztes F\u00e4rbegut direkt in den Farbsud mit dem Pflanzenmaterial einlegen<\/li>\n\n\n\n<li>eventuell Wasser zugeben, damit das F\u00e4rbegut bedeckt ist<\/li>\n\n\n\n<li>auf ungef\u00e4hr 70 Grad erw\u00e4rmen<\/li>\n\n\n\n<li>vom Herd nehmen<\/li>\n\n\n\n<li>unter gelegentlichem Umr\u00fchren f\u00fcr einen Tag ziehen lassen<\/li>\n\n\n\n<li>dann waschen und sp\u00fclen<\/li>\n<\/ul>\n\n<\/div><div position=\"relative\" bottom=\"5px\" left=\"0px\" class=\"bd-opu21lzmwb5f1ci77jupq1aoqy0em5\"><img decoding=\"async\" src=\"https:\/\/www.wilde-farben.de\/wp-content\/uploads\/2013\/01\/ul.png\" height=\"16px\" align=\"left\" class=\"bd-9pycpf64ltaqdtsyz05ei4dkpek7uy\"><\/div><div position=\"relative\" bottom=\"5px\" right=\"0px\" class=\"bd-adx6cuq6z46h5jrfsww4mr89fnymgm\"><img decoding=\"async\" src=\"https:\/\/www.wilde-farben.de\/wp-content\/uploads\/2013\/01\/ur.png\" height=\"16px\" align=\"right\" class=\"bd-1dbqh6f5rkajpvifzpno3oj37zvopi\"><\/div><\/div>","protected":false},"excerpt":{"rendered":"<p>Auf einer unserer Wanderungen bei Fleinheim &nbsp;bot sich dieses wunderbare Bild \u2013 der Wiesensalbei hatte die Wildblumenwiese fast g\u00e4nzlich f\u00fcr sich eingenommen. Die anspruchslose Wildstaude f\u00e4rbt im Fr\u00fchsommer die Wegr\u00e4nder und Trockenwiesen violett. Ein Blick auf die Inhaltsstoffe der Pflanze &hellip; <a href=\"https:\/\/www.wilde-farben.de\/?p=1425\">Weiterlesen <span class=\"meta-nav\">&rarr;<\/span><\/a><\/p>\n","protected":false},"author":2,"featured_media":0,"comment_status":"closed","ping_status":"closed","sticky":false,"template":"","format":"standard","meta":{"footnotes":""},"categories":[38,7,33],"tags":[],"class_list":["post-1425","post","type-post","status-publish","format-standard","hentry","category-blutenfarbung","category-farberezepte","category-gruntone"],"_links":{"self":[{"href":"https:\/\/www.wilde-farben.de\/index.php?rest_route=\/wp\/v2\/posts\/1425","targetHints":{"allow":["GET"]}}],"collection":[{"href":"https:\/\/www.wilde-farben.de\/index.php?rest_route=\/wp\/v2\/posts"}],"about":[{"href":"https:\/\/www.wilde-farben.de\/index.php?rest_route=\/wp\/v2\/types\/post"}],"author":[{"embeddable":true,"href":"https:\/\/www.wilde-farben.de\/index.php?rest_route=\/wp\/v2\/users\/2"}],"replies":[{"embeddable":true,"href":"https:\/\/www.wilde-farben.de\/index.php?rest_route=%2Fwp%2Fv2%2Fcomments&post=1425"}],"version-history":[{"count":4,"href":"https:\/\/www.wilde-farben.de\/index.php?rest_route=\/wp\/v2\/posts\/1425\/revisions"}],"predecessor-version":[{"id":1498,"href":"https:\/\/www.wilde-farben.de\/index.php?rest_route=\/wp\/v2\/posts\/1425\/revisions\/1498"}],"wp:attachment":[{"href":"https:\/\/www.wilde-farben.de\/index.php?rest_route=%2Fwp%2Fv2%2Fmedia&parent=1425"}],"wp:term":[{"taxonomy":"category","embeddable":true,"href":"https:\/\/www.wilde-farben.de\/index.php?rest_route=%2Fwp%2Fv2%2Fcategories&post=1425"},{"taxonomy":"post_tag","embeddable":true,"href":"https:\/\/www.wilde-farben.de\/index.php?rest_route=%2Fwp%2Fv2%2Ftags&post=1425"}],"curies":[{"name":"wp","href":"https:\/\/api.w.org\/{rel}","templated":true}]}}