{"id":1346,"date":"2021-08-21T20:49:27","date_gmt":"2021-08-21T20:49:27","guid":{"rendered":"https:\/\/www.wilde-farben.de\/?p=1346"},"modified":"2022-06-08T20:34:24","modified_gmt":"2022-06-08T20:34:24","slug":"faerben-mit-blueten-vom-echten-dost-oregano-oder-wildem-majoran","status":"publish","type":"post","link":"https:\/\/www.wilde-farben.de\/?p=1346","title":{"rendered":"F\u00e4rben mit Bl\u00fcten vom Echten Dost, Oregano oder Wildem Majoran"},"content":{"rendered":"\n<p>Hier auf dem H\u00e4rtsfeld, dem \u00f6stlichen Teil der Schw\u00e4bischen Alb, pr\u00e4gen neben Buchenw\u00e4ldern vor allem Magerwiesen und Wacholderheiden das Landschaftsbild. Entlang der Wanderwege verstr\u00f6men im Sommer die zarten Bl\u00fcten des Echten Dosts ihren aromatischen Duft. Zahlreiche Schmetterlinge und Bienen laben sich am Nektar des Wilden Majorans, wie der Dost auch genannt wird. Als K\u00fcchenkraut ist er vor allem unter dem Namen Oregano gekannt. In meinem Garten muss ich das ausdauernd wachsende Kraut in die Schranken weisen. Ich kann den Dost gro\u00dfz\u00fcgig ernten und f\u00fcr die <a href=\"https:\/\/siedekessel.blogspot.com\/2015\/09\/heilbad-mit-dost.html\">K\u00f6rperpflege<\/a> und die <a href=\"https:\/\/siedekessel.blogspot.com\/2018\/09\/bucheckern-pesto-mit-quendel-und-dost.html\">Kr\u00e4uterk\u00fcche<\/a> verwenden. In diesem Jahr hatte ich einige der Bl\u00fcten ausgekocht, um zu pr\u00fcfen, ob sich ein Farbsud herstellen l\u00e4sst. Probehalter hatte ich ein paar Filzkugeln im Farbsud ziehen lassen. Das Ergebnis hatte mich \u00fcberzeugt, die Bl\u00fcten f\u00e4rbten die Filzkugeln satt gr\u00fcn. Der nachfolgend gef\u00e4rbte Wollstrang nahm die Farbe, die ich als helles Olivgr\u00fcn beschreiben w\u00fcrde, noch besser an. Die Farbe hielt sich auch nach dem Auswaschen sehr gut auf der Wolle. Ebenso gut hielt sich der w\u00fcrzige Duft des Wilden Majorans in unserem Haus.<\/p>\n\n\n<div class=\"wp-block-image\">\n<figure class=\"aligncenter size-medium\"><a href=\"https:\/\/www.wilde-farben.de\/wp-content\/uploads\/2021\/08\/dostfaerbung.jpg\"><img loading=\"lazy\" decoding=\"async\" width=\"300\" height=\"217\" src=\"https:\/\/www.wilde-farben.de\/wp-content\/uploads\/2021\/08\/dostfaerbung-300x217.jpg\" alt=\"\" class=\"wp-image-1349\" srcset=\"https:\/\/www.wilde-farben.de\/wp-content\/uploads\/2021\/08\/dostfaerbung-300x217.jpg 300w, https:\/\/www.wilde-farben.de\/wp-content\/uploads\/2021\/08\/dostfaerbung-768x556.jpg 768w, https:\/\/www.wilde-farben.de\/wp-content\/uploads\/2021\/08\/dostfaerbung-415x300.jpg 415w, https:\/\/www.wilde-farben.de\/wp-content\/uploads\/2021\/08\/dostfaerbung.jpg 800w\" sizes=\"auto, (max-width: 300px) 100vw, 300px\" \/><\/a><figcaption>F\u00e4rbungen mit Echtem Dost<\/figcaption><\/figure>\n<\/div>\n\n\n<div id=\"rezept\">\n<div class=\"mceItemVisualAid mceItemLayer\" style=\"width: 100%; position: relative; top: -20px; left: -20px;\"><img decoding=\"async\" src=\"https:\/\/www.wilde-farben.de\/wp-content\/uploads\/2013\/01\/ol.png\" alt=\"\" height=\"16px\" align=\"left\"><\/div>\n<div class=\"mceItemVisualAid mceItemLayer\" style=\"width: 100%; position: relative; top: -20px; right: -20px;\"><img decoding=\"async\" src=\"https:\/\/www.wilde-farben.de\/wp-content\/uploads\/2013\/01\/or.png\" alt=\"\" height=\"16px\" align=\"right\"><\/div>\n<div class=\"mceItemVisualAid mceItemLayer\" style=\"width: 100%; position: relative; top: 0px; left: 0px; clear: both;\"><strong>Rezept gr\u00fcne F\u00e4rbung mit Bl\u00fcten vom Echten Dost f\u00fcr 100 g Textilmaterial<\/strong><\/div>\n\n<ul><li>50 g Bl\u00fcten in 5 Liter Wasser aufkochen lassen<\/li><li>\u00fcber Nacht ziehen lassen<\/li><li>vorgebeiztes F\u00e4rbegut direkt in den Farbsud mit dem Pflanzenmaterial einlegen<\/li><li>eventuell Wasser zugeben, damit das F\u00e4rbegut bedeckt ist<\/li><li>auf ungef\u00e4hr 70 Grad erw\u00e4rmen<\/li><li>vom Herd nehmen<\/li><li>unter gelegentlichem Umr\u00fchren f\u00fcr einen Tag ziehen lassen<\/li><li>dann waschen und sp\u00fclen<\/li><\/ul>\n\n<div class=\"mceItemVisualAid mceItemLayer\" style=\"width: 100%; position: relative; bottom: 5px; left: -20px;\"><img decoding=\"async\" src=\"https:\/\/www.wilde-farben.de\/wp-content\/uploads\/2013\/01\/ul.png\" alt=\"\" height=\"16px\" align=\"left\"><\/div>\n<div class=\"mceItemVisualAid mceItemLayer\" style=\"width: 100%; position: relative; bottom: 5px; right: -20px;\"><img decoding=\"async\" src=\"https:\/\/www.wilde-farben.de\/wp-content\/uploads\/2013\/01\/ur.png\" alt=\"\" height=\"16px\" align=\"right\"><\/div>\n<\/div>\n\n\n\n<p><\/p>\n","protected":false},"excerpt":{"rendered":"<p>Hier auf dem H\u00e4rtsfeld, dem \u00f6stlichen Teil der Schw\u00e4bischen Alb, pr\u00e4gen neben Buchenw\u00e4ldern vor allem Magerwiesen und Wacholderheiden das Landschaftsbild. Entlang der Wanderwege verstr\u00f6men im Sommer die zarten Bl\u00fcten des Echten Dosts ihren aromatischen Duft. Zahlreiche Schmetterlinge und Bienen laben &hellip; <a href=\"https:\/\/www.wilde-farben.de\/?p=1346\">Weiterlesen <span class=\"meta-nav\">&rarr;<\/span><\/a><\/p>\n","protected":false},"author":1,"featured_media":0,"comment_status":"closed","ping_status":"closed","sticky":false,"template":"","format":"standard","meta":{"footnotes":""},"categories":[38,7,33],"tags":[],"class_list":["post-1346","post","type-post","status-publish","format-standard","hentry","category-blutenfarbung","category-farberezepte","category-gruntone"],"_links":{"self":[{"href":"https:\/\/www.wilde-farben.de\/index.php?rest_route=\/wp\/v2\/posts\/1346","targetHints":{"allow":["GET"]}}],"collection":[{"href":"https:\/\/www.wilde-farben.de\/index.php?rest_route=\/wp\/v2\/posts"}],"about":[{"href":"https:\/\/www.wilde-farben.de\/index.php?rest_route=\/wp\/v2\/types\/post"}],"author":[{"embeddable":true,"href":"https:\/\/www.wilde-farben.de\/index.php?rest_route=\/wp\/v2\/users\/1"}],"replies":[{"embeddable":true,"href":"https:\/\/www.wilde-farben.de\/index.php?rest_route=%2Fwp%2Fv2%2Fcomments&post=1346"}],"version-history":[{"count":4,"href":"https:\/\/www.wilde-farben.de\/index.php?rest_route=\/wp\/v2\/posts\/1346\/revisions"}],"predecessor-version":[{"id":1429,"href":"https:\/\/www.wilde-farben.de\/index.php?rest_route=\/wp\/v2\/posts\/1346\/revisions\/1429"}],"wp:attachment":[{"href":"https:\/\/www.wilde-farben.de\/index.php?rest_route=%2Fwp%2Fv2%2Fmedia&parent=1346"}],"wp:term":[{"taxonomy":"category","embeddable":true,"href":"https:\/\/www.wilde-farben.de\/index.php?rest_route=%2Fwp%2Fv2%2Fcategories&post=1346"},{"taxonomy":"post_tag","embeddable":true,"href":"https:\/\/www.wilde-farben.de\/index.php?rest_route=%2Fwp%2Fv2%2Ftags&post=1346"}],"curies":[{"name":"wp","href":"https:\/\/api.w.org\/{rel}","templated":true}]}}