{"id":120,"date":"2012-09-10T20:50:43","date_gmt":"2012-09-10T20:50:43","guid":{"rendered":"https:\/\/www.wilde-farben.de\/?p=120"},"modified":"2018-01-08T17:30:13","modified_gmt":"2018-01-08T17:30:13","slug":"farben-mit-eichenrinde","status":"publish","type":"post","link":"https:\/\/www.wilde-farben.de\/?p=120","title":{"rendered":"F\u00e4rben mit Eichenrinde"},"content":{"rendered":"<p>Das letzte Wochenende waren wir mit der Seifenk\u00fcche beim K\u00fcchengartenfest in Bad Muskau. Dies war unser erster Besuch in der idyllischen Park- und Kurstadt, die im Nordos-ten des Freistaates Sachsen an der Lausitzer Nei\u00dfe, unmittelbar an den Grenzen zu Polen liegt. Wir sind zwei Tage vor der Veranstaltung angereist, um ausgedehnte Spazierg\u00e4nge in den sch\u00f6nen Landschaftspark zu unternehmen. Dieser wurde durch F\u00fcrst Ludwig Heinrich Hermann von P\u00fcckler-Muskau in den Jahren 1815 &#8211; 1845 im englischen Stil angelegt und hat eine Ausdehnung von ungef\u00e4hr 830 Hektar, von denen ein Drittel auf deutscher und zwei Drittel auf polnischer Seite liegen. Hier befindet sich auch die Hermannseiche, die unser be-sonderes Interesse erweckte, da sie ja unseren Nachnamen tr\u00e4gt. Unmitten des wild-romantischen, abgelegenen Teils des Parks fanden wir die Reste der ausgebrannten Eiche, in die 2004 der Blitz eingeschlagen hatte. Jedoch lie\u00df uns die Baumruine erahnen, wie gewaltig die Eiche einst war. Zu unserer gro\u00dfen Freude entdeckten wir rund um die Eiche einen sehr gut erhaltenen, ehemaligen Thingplatz. Leider konnten wir bislang nichts n\u00e4heres in Erfahrung bringen und vermuten, dass der Thingplatz einst von den Sachsen genutzt wurde. In der n\u00e4heren Umgebung fanden wir weitere, uralte Eichen, deren gewaltige \u00c4ste teilweise gef\u00e4llt auf dem Boden lagen. Hier sammelten wir die Rinde, die als Ausgangsmaterial f\u00fcr unsere F\u00e4rbung diente. Wieder zuhause angekommen habe ich die Rinde grob zerkleinert und aufge-kocht, um am n\u00e4chsten Tag Wolle damit zu f\u00e4rben. Das Farbergebnis war gut und wie erwartet ein mittlerer Braunton, der an unbehandeltes Eichenholz erinnert. Auf jeden Fall haben wir die Erinnerung an diese Eichen in einen Schal festgehalten.<\/p>\n<div id=\"attachment_446\" style=\"width: 227px\" class=\"wp-caption alignnone\"><a href=\"https:\/\/www.wilde-farben.de\/wp-content\/uploads\/2013\/12\/2011-11-eichenrinde.jpg\"><img loading=\"lazy\" decoding=\"async\" aria-describedby=\"caption-attachment-446\" class=\"size-medium wp-image-446\" title=\"2011-11-eichenrinde\" src=\"https:\/\/www.wilde-farben.de\/wp-content\/uploads\/2013\/12\/2011-11-eichenrinde-217x300.jpg\" alt=\"\" width=\"217\" height=\"300\" srcset=\"https:\/\/www.wilde-farben.de\/wp-content\/uploads\/2013\/12\/2011-11-eichenrinde-217x300.jpg 217w, https:\/\/www.wilde-farben.de\/wp-content\/uploads\/2013\/12\/2011-11-eichenrinde.jpg 579w\" sizes=\"auto, (max-width: 217px) 100vw, 217px\" \/><\/a><p id=\"caption-attachment-446\" class=\"wp-caption-text\">Eichenrinde-F\u00e4rbung<\/p><\/div>\n<div id=\"rezept\">\n<div style=\"width: 100%; position: relative; top: -20px; left: -20px;\"><img decoding=\"async\" src=\"https:\/\/www.wilde-farben.de\/wp-content\/uploads\/2013\/01\/ol.png\" alt=\"\" height=\"16px\" align=\"left\" \/><\/div>\n<div style=\"width: 100%; position: relative; top: -20px; right: -20px;\"><img decoding=\"async\" src=\"https:\/\/www.wilde-farben.de\/wp-content\/uploads\/2013\/01\/or.png\" alt=\"\" height=\"16px\" align=\"right\" \/><\/div>\n<div style=\"width: 100%; position: relative; top: 0px; left: 0px; clear: both;\"><strong>Rezept braune F\u00e4rbung mit Eichenrinde f\u00fcr 100 g Textilmaterial<\/strong><\/div>\n<ul>\n<li>200 g zerkleinerte Eichenrinde in 10 Liter Wasser aufkochen lassen<\/li>\n<li>\u00fcber Nacht ziehen lassen<\/li>\n<li>vorgebeiztes F\u00e4rbegut direkt in das Pflanzenmaterial einlegen<\/li>\n<li>eventuell Wasser zugeben, damit das F\u00e4rbegut bedeckt ist<\/li>\n<li>auf ungef\u00e4hr 70 Grad erw\u00e4rmen<\/li>\n<li>vom Herd nehmen<\/li>\n<li>unter gelegentlichem Umr\u00fchren f\u00fcr einen Tag ziehen lassen<\/li>\n<li>dann waschen und sp\u00fclen<\/li>\n<\/ul>\n<div style=\"width: 100%; position: relative; bottom: 5px; left: -20px;\"><img decoding=\"async\" src=\"https:\/\/www.wilde-farben.de\/wp-content\/uploads\/2013\/01\/ul.png\" alt=\"\" height=\"16px\" align=\"left\" \/><\/div>\n<div style=\"width: 100%; position: relative; bottom: 5px; right: -20px;\"><img decoding=\"async\" src=\"https:\/\/www.wilde-farben.de\/wp-content\/uploads\/2013\/01\/ur.png\" alt=\"\" height=\"16px\" align=\"right\" \/><\/div>\n","protected":false},"excerpt":{"rendered":"<p>Das letzte Wochenende waren wir mit der Seifenk\u00fcche beim K\u00fcchengartenfest in Bad Muskau. Dies war unser erster Besuch in der idyllischen Park- und Kurstadt, die im Nordos-ten des Freistaates Sachsen an der Lausitzer Nei\u00dfe, unmittelbar an den Grenzen zu Polen &hellip; <a href=\"https:\/\/www.wilde-farben.de\/?p=120\">Weiterlesen <span class=\"meta-nav\">&rarr;<\/span><\/a><\/p>\n","protected":false},"author":1,"featured_media":0,"comment_status":"closed","ping_status":"closed","sticky":false,"template":"","format":"standard","meta":{"footnotes":""},"categories":[32,7,40],"tags":[10],"class_list":["post-120","post","type-post","status-publish","format-standard","hentry","category-brauntone","category-farberezepte","category-rindenfarbung","tag-braun"],"_links":{"self":[{"href":"https:\/\/www.wilde-farben.de\/index.php?rest_route=\/wp\/v2\/posts\/120","targetHints":{"allow":["GET"]}}],"collection":[{"href":"https:\/\/www.wilde-farben.de\/index.php?rest_route=\/wp\/v2\/posts"}],"about":[{"href":"https:\/\/www.wilde-farben.de\/index.php?rest_route=\/wp\/v2\/types\/post"}],"author":[{"embeddable":true,"href":"https:\/\/www.wilde-farben.de\/index.php?rest_route=\/wp\/v2\/users\/1"}],"replies":[{"embeddable":true,"href":"https:\/\/www.wilde-farben.de\/index.php?rest_route=%2Fwp%2Fv2%2Fcomments&post=120"}],"version-history":[{"count":10,"href":"https:\/\/www.wilde-farben.de\/index.php?rest_route=\/wp\/v2\/posts\/120\/revisions"}],"predecessor-version":[{"id":851,"href":"https:\/\/www.wilde-farben.de\/index.php?rest_route=\/wp\/v2\/posts\/120\/revisions\/851"}],"wp:attachment":[{"href":"https:\/\/www.wilde-farben.de\/index.php?rest_route=%2Fwp%2Fv2%2Fmedia&parent=120"}],"wp:term":[{"taxonomy":"category","embeddable":true,"href":"https:\/\/www.wilde-farben.de\/index.php?rest_route=%2Fwp%2Fv2%2Fcategories&post=120"},{"taxonomy":"post_tag","embeddable":true,"href":"https:\/\/www.wilde-farben.de\/index.php?rest_route=%2Fwp%2Fv2%2Ftags&post=120"}],"curies":[{"name":"wp","href":"https:\/\/api.w.org\/{rel}","templated":true}]}}