{"id":1080,"date":"2020-01-01T21:23:48","date_gmt":"2020-01-01T21:23:48","guid":{"rendered":"https:\/\/www.wilde-farben.de\/?p=1080"},"modified":"2020-03-06T20:03:31","modified_gmt":"2020-03-06T20:03:31","slug":"faerben-mit-gallaepfeln","status":"publish","type":"post","link":"https:\/\/www.wilde-farben.de\/?p=1080","title":{"rendered":"F\u00e4rben mit Gall\u00e4pfeln"},"content":{"rendered":"\n<p>Die vielen historischen Berichte \u00fcber die F\u00e4rbeeigenschaften der Gall\u00e4pfel haben mich neugierig gemacht und ich wollte schon seit langem mit ihnen f\u00e4rben. Jedoch hatte ich immer frische und selbst gesammelte Pflanzen zum F\u00e4rben zur Verf\u00fcgung, so dass ich den Kauf von Gall\u00e4pfeln immer vor mir herschob. <\/p>\n\n\n\n<p>Hier eine Beschreibung aus dem Damen Conversations Lexikon\nvon 1838:<\/p>\n\n\n\n<p><em>\u201eGall\u00e4pfel sind Anschwellungen der Bl\u00e4tter verschiedener Eichenarten, insbesondere der morgenl\u00e4ndischen Quercus infectoria, veranlasst durch den Stich der F\u00e4rber-Gallwespe. Die besten sind die sogenannten schwarzen Gall\u00e4pfel gehei\u00dfen. Sie m\u00fcssen eingesammelt werden, ehe noch das Insekt sich durchgebohrt hat, und wenn sie vorz\u00fcglich sein sollen, mit einer dichten Substanz erf\u00fcllt sein.<\/em> <br><em>Ihre Anwendung ist zum F\u00e4rben von Fasern und zur Bereitung von schwarzer Tinte bekannt.\u201c<\/em><\/p>\n\n\n\n<div class=\"wp-block-image\"><figure class=\"aligncenter size-medium\"><a href=\"https:\/\/www.wilde-farben.de\/wp-content\/uploads\/2020\/01\/gallapfel.jpg\" target=\"_blank\" rel=\"noreferrer noopener\"><img loading=\"lazy\" decoding=\"async\" width=\"300\" height=\"217\" src=\"https:\/\/www.wilde-farben.de\/wp-content\/uploads\/2020\/01\/gallapfel-300x217.jpg\" alt=\"Gall\u00e4pfel-F\u00e4rbung\" class=\"wp-image-1086\" srcset=\"https:\/\/www.wilde-farben.de\/wp-content\/uploads\/2020\/01\/gallapfel-300x217.jpg 300w, https:\/\/www.wilde-farben.de\/wp-content\/uploads\/2020\/01\/gallapfel-768x556.jpg 768w, https:\/\/www.wilde-farben.de\/wp-content\/uploads\/2020\/01\/gallapfel-415x300.jpg 415w, https:\/\/www.wilde-farben.de\/wp-content\/uploads\/2020\/01\/gallapfel.jpg 800w\" sizes=\"auto, (max-width: 300px) 100vw, 300px\" \/><\/a><figcaption>Gall\u00e4pfel-F\u00e4rbung<\/figcaption><\/figure><\/div>\n\n\n\n<p>Nun muss ich zugeben, dass ich mir von der F\u00e4rbung etwas mehr erhofft hatte. Obwohl ich mehr als reichlich Gall\u00e4pfel verwendet hatte und mich an mehreren alten Quellen orientiert hatte, blieb das versprochene tiefe Schwarz aus. Das Ergebnis war ein Graugr\u00fcn mit einem leichten Stich ins Violette. Gef\u00e4rbt habe ich die Wolle ungebeizt, da dies aufgrund der hohen Gerbs\u00e4ure der Gall\u00e4pfel nicht n\u00f6tig sei. Die Nachbehandlung mit Eisenessig hat die Farbe zwar dunkler, aber nicht unbedingt sch\u00f6ner gemacht.  Die restlichen Gall\u00e4pfel werde ich nicht zum F\u00e4rben verwenden, sondern lieber Tinte daraus herstellen. <\/p>\n\n\n\n<div id=\"rezept\">\n<div class=\"mceItemVisualAid mceItemLayer\" style=\"width: 100%; position: relative; top: -20px; left: -20px;\"><img decoding=\"async\" src=\"https:\/\/www.wilde-farben.de\/wp-content\/uploads\/2013\/01\/ol.png\" alt=\"\" height=\"16px\" align=\"left\"><\/div>\n<div class=\"mceItemVisualAid mceItemLayer\" style=\"width: 100%; position: relative; top: -20px; right: -20px;\"><img decoding=\"async\" src=\"https:\/\/www.wilde-farben.de\/wp-content\/uploads\/2013\/01\/or.png\" alt=\"\" height=\"16px\" align=\"right\"><\/div>\n<div class=\"mceItemVisualAid mceItemLayer\" style=\"width: 100%; position: relative; top: 0px; left: 0px; clear: both;\"><strong>Rezept graue F\u00e4rbung mit Gall\u00e4pfeln f\u00fcr 100 g Textilmaterial<\/strong><\/div>\n<ul>\n<li>50 g Gall\u00e4pfel grob zerkleinern und in etwa \u00bd Liter Wasser einweichen<\/li>\n<li>\u00fcber Nacht ziehen lassen<\/li>\n<li>die einweichten Gall\u00e4pfel mit einem M\u00f6rser klein stampfen<\/li>\n<li>zerkleinerte Gall\u00e4pfel in 10 Liter Wasser aufkochen lassen<\/li>\n<li>\u00fcber Nacht ziehen lassen<\/li>\n<li>abseihen und ins F\u00e4rbetuch einbinden<\/li>\n<li>ungebeiztes F\u00e4rbegut in den Farbsud mit dem eingebundenen Gall\u00e4pfeln einlegen<\/li>\n<li>eventuell Wasser zugeben, damit das F\u00e4rbegut bedeckt ist<\/li>\n<li>auf ungef\u00e4hr 70 Grad erw\u00e4rmen<\/li>\n<li>vom Herd nehmen<\/li>\n<li>unter gelegentlichem Umr\u00fchren f\u00fcr einen Tag ziehen lassen<\/li>\n<li>dem Farbsud eine Tasse <a href=\"https:\/\/www.wilde-farben.de\/?p=64\" target=\"_blank\" alt=\"Eisenessig\" rel=\"noopener noreferrer\">Eisenessig<\/a> zugeben <\/li>\n<li>dann waschen und sp\u00fclen<\/li>\n<\/ul>\n<div class=\"mceItemVisualAid mceItemLayer\" style=\"width: 100%; position: relative; bottom: 5px; left: -20px;\"><img decoding=\"async\" src=\"https:\/\/www.wilde-farben.de\/wp-content\/uploads\/2013\/01\/ul.png\" alt=\"\" height=\"16px\" align=\"left\"><\/div>\n<div class=\"mceItemVisualAid mceItemLayer\" style=\"width: 100%; position: relative; bottom: 5px; right: -20px;\"><img decoding=\"async\" src=\"https:\/\/www.wilde-farben.de\/wp-content\/uploads\/2013\/01\/ur.png\" alt=\"\" height=\"16px\" align=\"right\"><\/div>\n<\/div>\n","protected":false},"excerpt":{"rendered":"<p>Die vielen historischen Berichte \u00fcber die F\u00e4rbeeigenschaften der Gall\u00e4pfel haben mich neugierig gemacht und ich wollte schon seit langem mit ihnen f\u00e4rben. Jedoch hatte ich immer frische und selbst gesammelte Pflanzen zum F\u00e4rben zur Verf\u00fcgung, so dass ich den Kauf &hellip; <a href=\"https:\/\/www.wilde-farben.de\/?p=1080\">Weiterlesen <span class=\"meta-nav\">&rarr;<\/span><\/a><\/p>\n","protected":false},"author":1,"featured_media":0,"comment_status":"closed","ping_status":"closed","sticky":false,"template":"","format":"standard","meta":{"footnotes":""},"categories":[42,45,7,34],"tags":[],"class_list":["post-1080","post","type-post","status-publish","format-standard","hentry","category-blatterfarbung","category-farbematerial","category-farberezepte","category-violetttone"],"_links":{"self":[{"href":"https:\/\/www.wilde-farben.de\/index.php?rest_route=\/wp\/v2\/posts\/1080","targetHints":{"allow":["GET"]}}],"collection":[{"href":"https:\/\/www.wilde-farben.de\/index.php?rest_route=\/wp\/v2\/posts"}],"about":[{"href":"https:\/\/www.wilde-farben.de\/index.php?rest_route=\/wp\/v2\/types\/post"}],"author":[{"embeddable":true,"href":"https:\/\/www.wilde-farben.de\/index.php?rest_route=\/wp\/v2\/users\/1"}],"replies":[{"embeddable":true,"href":"https:\/\/www.wilde-farben.de\/index.php?rest_route=%2Fwp%2Fv2%2Fcomments&post=1080"}],"version-history":[{"count":6,"href":"https:\/\/www.wilde-farben.de\/index.php?rest_route=\/wp\/v2\/posts\/1080\/revisions"}],"predecessor-version":[{"id":1090,"href":"https:\/\/www.wilde-farben.de\/index.php?rest_route=\/wp\/v2\/posts\/1080\/revisions\/1090"}],"wp:attachment":[{"href":"https:\/\/www.wilde-farben.de\/index.php?rest_route=%2Fwp%2Fv2%2Fmedia&parent=1080"}],"wp:term":[{"taxonomy":"category","embeddable":true,"href":"https:\/\/www.wilde-farben.de\/index.php?rest_route=%2Fwp%2Fv2%2Fcategories&post=1080"},{"taxonomy":"post_tag","embeddable":true,"href":"https:\/\/www.wilde-farben.de\/index.php?rest_route=%2Fwp%2Fv2%2Ftags&post=1080"}],"curies":[{"name":"wp","href":"https:\/\/api.w.org\/{rel}","templated":true}]}}