{"id":1007,"date":"2019-09-26T22:16:40","date_gmt":"2019-09-26T22:16:40","guid":{"rendered":"https:\/\/www.wilde-farben.de\/?p=1007"},"modified":"2019-09-26T22:18:24","modified_gmt":"2019-09-26T22:18:24","slug":"faerben-mit-kurkuma","status":"publish","type":"post","link":"https:\/\/www.wilde-farben.de\/?p=1007","title":{"rendered":"F\u00e4rben mit Kurkuma"},"content":{"rendered":"<p>Meine Schwiegertochter hatte mir aus dem Bio-Laden einige Kurkuma-Wurzeln mitgebracht, die bereits ausgetrieben hatten und daher sehr preisreduziert waren. Eigentlich waren sie zur Nachzucht bestimmt, doch ich konnte nicht widerstehen einige davon zum F\u00e4rben zu verwenden. Zugegeben ist gelb nicht gerade unter meinen Lieblingsfarben, wenn es um Kleidung geht, zumal sehr viele Pflanzen gelb f\u00e4rben. Jedoch war das intensive Sonnengelb sehr beeindruckend, so dass Kurkuma sicher noch \u00f6fter zum F\u00e4rben verwenden werde. <\/p>\n<div id=\"attachment_570\" style=\"width: 227px\" class=\"wp-caption alignnone\"><a href=\"https:\/\/www.wilde-farben.de\/wp-content\/uploads\/2019\/09\/kurkumafaerbung.jpg\"><img loading=\"lazy\" decoding=\"async\" aria-describedby=\"caption-attachment-570\" class=\"size-medium wp-image-469\" title=\"Heidelbeer-F\u00e4rbung\" src=\"https:\/\/www.wilde-farben.de\/wp-content\/uploads\/2019\/09\/kurkumafaerbung-300x217.jpg\" alt=\"\" width=\"217\" height=\"300\" \/><\/a><p id=\"caption-attachment-570\" class=\"wp-caption-text\">Kurkuma-F\u00e4rbung<\/p><\/div>\n<div id=\"rezept\">\n<div class=\"mceItemVisualAid mceItemLayer\" style=\"width: 100%; position: relative; top: -20px; left: -20px;\"><img decoding=\"async\" src=\"https:\/\/www.wilde-farben.de\/wp-content\/uploads\/2013\/01\/ol.png\" alt=\"\" height=\"16px\" align=\"left\" \/><\/div>\n<div class=\"mceItemVisualAid mceItemLayer\" style=\"width: 100%; position: relative; top: -20px; right: -20px;\"><img decoding=\"async\" src=\"https:\/\/www.wilde-farben.de\/wp-content\/uploads\/2013\/01\/or.png\" alt=\"\" height=\"16px\" align=\"right\" \/><\/div>\n<div class=\"mceItemVisualAid mceItemLayer\" style=\"width: 100%; position: relative; top: 0px; left: 0px; clear: both;\"><strong>Rezept f\u00fcr eine gelbe F\u00e4rbung mit Kurkuma f\u00fcr 100 g Textilmaterial<\/strong><\/div>\n<ul>\n<li>10 g Kurkumawurzel fein zerkleinern<\/li>\n<li>In 5 Liter Wasser f\u00fcr gut 30 Minuten kochen lassen<\/li>\n<li>abk\u00fchlen lassen<\/li>\n<li>abseihen und Pflanzenmaterial ins F\u00e4rbetuch einbinden<\/li>\n<li>vorgebeiztes F\u00e4rbegut in den Farbsud mit dem eingebundenen Pflanzenmaterial einlegen<\/li>\n<li>eventuell Wasser zugeben, damit das F\u00e4rbegut bedeckt ist<\/li>\n<li>auf ungef\u00e4hr 50 Grad erw\u00e4rmen<\/li>\n<li>vom Herd nehmen<\/li>\n<li>unter gelegentlichem Umr\u00fchren f\u00fcr einen Tag ziehen lassen<\/li>\n<li>dann waschen und sp\u00fclen<\/li>\n<\/ul>\n<div class=\"mceItemVisualAid mceItemLayer\" style=\"width: 100%; position: relative; bottom: 5px; left: -20px;\"><img decoding=\"async\" src=\"https:\/\/www.wilde-farben.de\/wp-content\/uploads\/2013\/01\/ul.png\" alt=\"\" height=\"16px\" align=\"left\" \/><\/div>\n<div class=\"mceItemVisualAid mceItemLayer\" style=\"width: 100%; position: relative; bottom: 5px; right: -20px;\"><img decoding=\"async\" src=\"https:\/\/www.wilde-farben.de\/wp-content\/uploads\/2013\/01\/ur.png\" alt=\"\" height=\"16px\" align=\"right\" \/><\/div>\n<\/div>\n","protected":false},"excerpt":{"rendered":"<p>Meine Schwiegertochter hatte mir aus dem Bio-Laden einige Kurkuma-Wurzeln mitgebracht, die bereits ausgetrieben hatten und daher sehr preisreduziert waren. Eigentlich waren sie zur Nachzucht bestimmt, doch ich konnte nicht widerstehen einige davon zum F\u00e4rben zu verwenden. Zugegeben ist gelb nicht &hellip; <a href=\"https:\/\/www.wilde-farben.de\/?p=1007\">Weiterlesen <span class=\"meta-nav\">&rarr;<\/span><\/a><\/p>\n","protected":false},"author":2,"featured_media":0,"comment_status":"closed","ping_status":"closed","sticky":false,"template":"","format":"standard","meta":{"footnotes":""},"categories":[45,7,29,41],"tags":[],"class_list":["post-1007","post","type-post","status-publish","format-standard","hentry","category-farbematerial","category-farberezepte","category-gelbtone","category-wurzelfarbung"],"_links":{"self":[{"href":"https:\/\/www.wilde-farben.de\/index.php?rest_route=\/wp\/v2\/posts\/1007","targetHints":{"allow":["GET"]}}],"collection":[{"href":"https:\/\/www.wilde-farben.de\/index.php?rest_route=\/wp\/v2\/posts"}],"about":[{"href":"https:\/\/www.wilde-farben.de\/index.php?rest_route=\/wp\/v2\/types\/post"}],"author":[{"embeddable":true,"href":"https:\/\/www.wilde-farben.de\/index.php?rest_route=\/wp\/v2\/users\/2"}],"replies":[{"embeddable":true,"href":"https:\/\/www.wilde-farben.de\/index.php?rest_route=%2Fwp%2Fv2%2Fcomments&post=1007"}],"version-history":[{"count":2,"href":"https:\/\/www.wilde-farben.de\/index.php?rest_route=\/wp\/v2\/posts\/1007\/revisions"}],"predecessor-version":[{"id":1009,"href":"https:\/\/www.wilde-farben.de\/index.php?rest_route=\/wp\/v2\/posts\/1007\/revisions\/1009"}],"wp:attachment":[{"href":"https:\/\/www.wilde-farben.de\/index.php?rest_route=%2Fwp%2Fv2%2Fmedia&parent=1007"}],"wp:term":[{"taxonomy":"category","embeddable":true,"href":"https:\/\/www.wilde-farben.de\/index.php?rest_route=%2Fwp%2Fv2%2Fcategories&post=1007"},{"taxonomy":"post_tag","embeddable":true,"href":"https:\/\/www.wilde-farben.de\/index.php?rest_route=%2Fwp%2Fv2%2Ftags&post=1007"}],"curies":[{"name":"wp","href":"https:\/\/api.w.org\/{rel}","templated":true}]}}