{"id":100,"date":"2012-03-05T20:44:26","date_gmt":"2012-03-05T20:44:26","guid":{"rendered":"https:\/\/www.wilde-farben.de\/?p=100"},"modified":"2019-03-26T22:26:07","modified_gmt":"2019-03-26T22:26:07","slug":"farben-mit-roten-zwiebelschalen","status":"publish","type":"post","link":"https:\/\/www.wilde-farben.de\/?p=100","title":{"rendered":"F\u00e4rben mit roten Zwiebelschalen"},"content":{"rendered":"<p>Endlich habe ich wieder gen\u00fcgend rote Zwiebelschalen gesammelt, um Wolle damit zu f\u00e4rben. Da mir das Ergebnis vom November letzten Jahres so gut gefallen hat, wollte ich dies wiederholen. Die Gr\u00fcnf\u00e4rbung war ebenfalls sehr intensiv, doch dieses Mal wesentlich dunkler &#8211; statt des frischen, leuchtenden Hellgr\u00fcn, erhielt ich ein sattes Olivgr\u00fcn. Das Foto zeigt die F\u00e4rbeergebnisse im Vergleich, es sind \u00fcberraschenderweise zwei v\u00f6llig verschiedene Gr\u00fcnt\u00f6ne, obwohl ich das gleiche Rezept und die gleichen Ausgangsmaterialien hatte.<\/p>\n<div id=\"rezept\">\n<div style=\"width: 100%; position: relative; top: -20px; left: -20px;\"><img decoding=\"async\" src=\"https:\/\/www.wilde-farben.de\/wp-content\/uploads\/2013\/01\/ol.png\" height=\"16px\" align=\"left\" \/><\/div>\n<div style=\"width: 100%; position: relative; top: -20px; right: -20px;\"><img decoding=\"async\" src=\"https:\/\/www.wilde-farben.de\/wp-content\/uploads\/2013\/01\/or.png\" height=\"16px\" align=\"right\" \/><\/div>\n<div style=\"width: 100%; position: relative; top: 0px; left: 0px; clear: both;\">\n<p><strong>Rezept gr\u00fcne F\u00e4rbung mit roten Zwiebelschalen f\u00fcr 200 g Textilmaterial<\/strong><\/p>\n<ul style=\"list-style-type: disc;\">\n<li>100 g rote Zwiebelschalen in 10 Liter Wasser aufkochen lassen<\/li>\n<li>\u00fcber Nacht ziehen lassen<\/li>\n<li>abseihen und Pflanzenmaterial ins F\u00e4rbetuch einbinden.<\/li>\n<li>vorgebeiztes F\u00e4rbegut in den Farbsud mit dem eingebundenemnPflanzenmaterial einlegen<\/li>\n<li>eventuell Wasser zugeben, damit das F\u00e4rbegut bedeckt ist<\/li>\n<li>auf ungef\u00e4hr 70 Grad erw\u00e4rmen<\/li>\n<li>vom Herd nehmen<\/li>\n<li>unter gelegentlichem Umr\u00fchren f\u00fcr einen Tag ziehen lassen<\/li>\n<li>dann waschen und sp\u00fclen<\/li>\n<\/ul>\n<\/div>\n<div style=\"width: 100%; position: relative; bottom: 5px; left: -20px;\"><img decoding=\"async\" src=\"https:\/\/www.wilde-farben.de\/wp-content\/uploads\/2013\/01\/ul.png\" height=\"16px\" align=\"left\" \/><\/div>\n<div style=\"width: 100%; position: relative; bottom: 5px; right: -20px;\"><img decoding=\"async\" src=\"https:\/\/www.wilde-farben.de\/wp-content\/uploads\/2013\/01\/ur.png\" height=\"16px\" align=\"right\" \/><\/div>\n<\/div>\n<div id=\"attachment_447\" style=\"width: 310px\" class=\"wp-caption alignnone\"><a href=\"https:\/\/www.wilde-farben.de\/wp-content\/uploads\/2013\/12\/2011-11-rote-zwiebelschalen.jpg\"><img loading=\"lazy\" decoding=\"async\" aria-describedby=\"caption-attachment-447\" class=\"size-medium wp-image-447\" title=\"F\u00e4rbung Rote Zwiebelschalen\" src=\"https:\/\/www.wilde-farben.de\/wp-content\/uploads\/2013\/12\/2011-11-rote-zwiebelschalen-300x217.jpg\" alt=\"\" width=\"300\" height=\"217\" srcset=\"https:\/\/www.wilde-farben.de\/wp-content\/uploads\/2013\/12\/2011-11-rote-zwiebelschalen-300x217.jpg 300w, https:\/\/www.wilde-farben.de\/wp-content\/uploads\/2013\/12\/2011-11-rote-zwiebelschalen-414x300.jpg 414w, https:\/\/www.wilde-farben.de\/wp-content\/uploads\/2013\/12\/2011-11-rote-zwiebelschalen.jpg 800w\" sizes=\"auto, (max-width: 300px) 100vw, 300px\" \/><\/a><p id=\"caption-attachment-447\" class=\"wp-caption-text\">Mit roten Zwiebelschalen gef\u00e4rbte Wolle<\/p><\/div>\n<div id=\"attachment_447\" style=\"width: 310px\" class=\"wp-caption alignnone\"><a href=\"https:\/\/www.wilde-farben.de\/wp-content\/uploads\/2019\/03\/zwiebelsocken.jpg\"><img loading=\"lazy\" decoding=\"async\" aria-describedby=\"caption-attachment-447\" class=\"size-medium wp-image-447\" title=\"Vergleich rote und braune Zwiebelschalenf\u00e4rbung\" src=\"https:\/\/www.wilde-farben.de\/wp-content\/uploads\/2019\/03\/zwiebelsocken.jpg\" alt=\"\" width=\"300\" height=\"217\" \/><\/a><p id=\"caption-attachment-447\" class=\"wp-caption-text\">Vergleich braune und rote Zwiebelschalenf\u00e4rbung<\/p><\/div>\n","protected":false},"excerpt":{"rendered":"<p>Endlich habe ich wieder gen\u00fcgend rote Zwiebelschalen gesammelt, um Wolle damit zu f\u00e4rben. Da mir das Ergebnis vom November letzten Jahres so gut gefallen hat, wollte ich dies wiederholen. Die Gr\u00fcnf\u00e4rbung war ebenfalls sehr intensiv, doch dieses Mal wesentlich dunkler &hellip; <a href=\"https:\/\/www.wilde-farben.de\/?p=100\">Weiterlesen <span class=\"meta-nav\">&rarr;<\/span><\/a><\/p>\n","protected":false},"author":1,"featured_media":0,"comment_status":"closed","ping_status":"closed","sticky":false,"template":"","format":"standard","meta":{"footnotes":""},"categories":[7,33,41],"tags":[11],"class_list":["post-100","post","type-post","status-publish","format-standard","hentry","category-farberezepte","category-gruntone","category-wurzelfarbung","tag-grun"],"_links":{"self":[{"href":"https:\/\/www.wilde-farben.de\/index.php?rest_route=\/wp\/v2\/posts\/100","targetHints":{"allow":["GET"]}}],"collection":[{"href":"https:\/\/www.wilde-farben.de\/index.php?rest_route=\/wp\/v2\/posts"}],"about":[{"href":"https:\/\/www.wilde-farben.de\/index.php?rest_route=\/wp\/v2\/types\/post"}],"author":[{"embeddable":true,"href":"https:\/\/www.wilde-farben.de\/index.php?rest_route=\/wp\/v2\/users\/1"}],"replies":[{"embeddable":true,"href":"https:\/\/www.wilde-farben.de\/index.php?rest_route=%2Fwp%2Fv2%2Fcomments&post=100"}],"version-history":[{"count":13,"href":"https:\/\/www.wilde-farben.de\/index.php?rest_route=\/wp\/v2\/posts\/100\/revisions"}],"predecessor-version":[{"id":946,"href":"https:\/\/www.wilde-farben.de\/index.php?rest_route=\/wp\/v2\/posts\/100\/revisions\/946"}],"wp:attachment":[{"href":"https:\/\/www.wilde-farben.de\/index.php?rest_route=%2Fwp%2Fv2%2Fmedia&parent=100"}],"wp:term":[{"taxonomy":"category","embeddable":true,"href":"https:\/\/www.wilde-farben.de\/index.php?rest_route=%2Fwp%2Fv2%2Fcategories&post=100"},{"taxonomy":"post_tag","embeddable":true,"href":"https:\/\/www.wilde-farben.de\/index.php?rest_route=%2Fwp%2Fv2%2Ftags&post=100"}],"curies":[{"name":"wp","href":"https:\/\/api.w.org\/{rel}","templated":true}]}}